{"id":1887,"date":"2008-11-13T18:37:06","date_gmt":"2008-11-13T17:37:06","guid":{"rendered":"http:\/\/aula21.net\/aulablog21\/?p=1887"},"modified":"2008-11-15T12:46:15","modified_gmt":"2008-11-15T11:46:15","slug":"por-el-cambio-en-la-educacion-amigos-de-obama-somos","status":"publish","type":"post","link":"http:\/\/aula21.net\/aulablog21\/archives\/2008\/11\/13\/por-el-cambio-en-la-educacion-amigos-de-obama-somos\/","title":{"rendered":"Por el cambio en la educaci\u00f3n, recetas de Obama"},"content":{"rendered":"<p><a href=\"http:\/\/www.amazon.com\/audacia-esperanza-Reflexiones-restaurar-americano\/dp\/0307387119\"><img loading=\"lazy\" decoding=\"async\" class=\"alignleft\" style=\"float: left;\" src=\"http:\/\/ecx.images-amazon.com\/images\/I\/51eBALPOdUL._SL500_AA240_.jpg\" alt=\"\" width=\"240\" height=\"240\" \/><\/a>\u00bf Tendremos que esperar en Espa\u00f1a pongamos que 25 a\u00f1os para que tengamos un presidente de origen Rumano que aplique a la educaci\u00f3n las recetas de Obama ?<\/p>\n<p><span class=\"txtng15_georgia\">El ya presidente electo de Estados Unidos, en su libro <em>La Audacia de la Esperanza<\/em> apuesta por la Educaci\u00f3n como una de las prioridades de su pol\u00edtica. La ciencia, la tecnolog\u00eda y la independencia energ\u00e9tica son las otras.<\/span><\/p>\n<p><span class=\"txtng15_georgia\">Obama reconoce en dicha obra, cuando habla de Educaci\u00f3n que \u201clo que falta no es dinero, sino comprender que estamos ante una urgencia nacional\u201d. Y recuerda que \u201csi queremos una econom\u00eda basada en la innovaci\u00f3n, tenemos que invertir en nuestros futuros innovadores\u201d. <\/span><\/p>\n<p><span class=\"txtng15_georgia\">Para ello propone una serie de medidas que afectar\u00e1n a profesores, a la ense\u00f1anza en todos sus niveles y a la desafortunada ley <em>Que ning\u00fan ni\u00f1o se quede atr\u00e1s<\/em> \u2013NCLB, por sus siglas en ingl\u00e9s\u2013, que se aprob\u00f3 en 2001 con el fin de medir la calidad de la ense\u00f1anza a partir de ex\u00e1menes estandarizados pero que ha sido muy criticada por sus escasos logros y por sus tendencias privatizadoras. \u201cSu puesta en marcha fue un desastre\u201d, recuerda Ceiling W., una profesora neoyorquina que celebr\u00f3 las elecciones de su pa\u00eds en Espa\u00f1a. \u201cLo \u00fanico que ha conseguido la ley es que se ense\u00f1e para el examen\u201d.<\/span>En nuestro pa\u00eds la LOE ha apostado por este tipo de pruebas<span class=\"txtng15_georgia\">.<\/span><\/p>\n<p><span class=\"txtng15_georgia\"><br \/>\nEl objetivo de los dem\u00f3cratas es solventar la condici\u00f3n educativa del pa\u00eds que el informe anual del gobierno estadounidense <em>La situaci\u00f3n de la Educaci\u00f3n 2008<\/em> no diagnostica en su mejor momento, y en el que se destaca que los estudiantes norteamericanos son m\u00e1s numerosos que nunca; m\u00e1s diversos \u20137 millones de alumnos extranjeros m\u00e1s que hace 25 a\u00f1os, en su mayor\u00eda hispanos\u2013; y peores en Matem\u00e1ticas, Ciencia y lectura.<\/span><\/p>\n<p><span class=\"txtng15_georgia\">Obama es consciente de esta situaci\u00f3n y califica en su libro como \u201cchapuzas\u201d las soluciones que se han intentado hasta el momento. \u201cEn parte a consecuencia de las batallas ideol\u00f3gicas pasadas de moda y previsibles\u201d de los partidos, que se han limitado por un lado \u2013el conservador\u2013 a argumentar que el dinero no garantiza los buenos resultados, y por otro \u2013el progresista\u2013 a exigir m\u00e1s financiaci\u00f3n. El nuevo presidente electo toma un poco de cada lado y reconoce que la inversi\u00f3n s\u00ed es importante \u2013\u201csi no, por qu\u00e9 pagan tanto los padres para vivir en distritos escolares bien financiados\u201d, cuestiona\u2013, pero considera que es necesario identificar las reformas m\u00e1s efectivas, financiarlas adecuadamente y eliminar los programas que no logren los resultados esperados.<\/span><\/p>\n<p>El resto de propuestas pasan por dise\u00f1ar un curr\u00edculo m\u00e1s riguroso que ponga \u00e9nfasis en matem\u00e1ticas, ciencia y alfabetizaci\u00f3n; por aumentar el horario lectivo; fomentar la ense\u00f1anza desde una edad temprana \u2013\u201cde modo que los ni\u00f1os no empiecen desde una posici\u00f3n de desventaja el primer d\u00eda de escuela\u201d\u2013; por evaluaciones centradas en el rendimiento; y por directores capaces de cambiar las cosas. Porque, seg\u00fan Obama, la Educaci\u00f3n es para EEUU \u201cel centro del pacto que la naci\u00f3n ha hecho con sus ciudadanos\u201d.<\/p>\n<p>Espero que ZP y Rajoy se apliquen el cuento, el principal problema de nuestro pa\u00eds a medio y largo plazo ya he dicho en otra ocasi\u00f3n que no es el econ\u00f3mico, es el educativo pero sus se\u00f1or\u00edas se dedican a hacer novillos en el parlamento en lugar de coger el toro por los cuernos.<\/p>\n<p>La Web educativa 2.0 es innovaci\u00f3n y ha de impregnar los curr\u00edculos presentes y futuros.<\/p>\n<p>\u201cSi vamos a hacer cambios duraderos y efectivos para el futuro, tenemos que estar dispuestos a ir m\u00e1s all\u00e1 de los viejos argumentos de derecha e izquierda y dar pasos significativos, pr\u00e1cticos, para construir un sistema educacional valioso para nuestros ni\u00f1os y nuestro futuro\u00bb, dijo Obama.<\/p>\n<p>Igual que aqu\u00ed&#8230;..<\/p>\n","protected":false},"excerpt":{"rendered":"<p>\u00bf Tendremos que esperar en Espa\u00f1a pongamos que 25 a\u00f1os para que tengamos un presidente de origen Rumano que aplique a la educaci\u00f3n las recetas de Obama ? El ya presidente electo de Estados Unidos, en su libro La Audacia de la Esperanza apuesta por la Educaci\u00f3n como una de las prioridades de su pol\u00edtica. [&hellip;]<\/p>\n","protected":false},"author":1,"featured_media":0,"comment_status":"open","ping_status":"open","sticky":false,"template":"","format":"standard","meta":{"footnotes":""},"categories":[17,19,14,23],"tags":[],"class_list":["post-1887","post","type-post","status-publish","format-standard","hentry","category-articulos","category-educacion","category-recursos-variados","category-sociedad"],"_links":{"self":[{"href":"http:\/\/aula21.net\/aulablog21\/wp-json\/wp\/v2\/posts\/1887","targetHints":{"allow":["GET"]}}],"collection":[{"href":"http:\/\/aula21.net\/aulablog21\/wp-json\/wp\/v2\/posts"}],"about":[{"href":"http:\/\/aula21.net\/aulablog21\/wp-json\/wp\/v2\/types\/post"}],"author":[{"embeddable":true,"href":"http:\/\/aula21.net\/aulablog21\/wp-json\/wp\/v2\/users\/1"}],"replies":[{"embeddable":true,"href":"http:\/\/aula21.net\/aulablog21\/wp-json\/wp\/v2\/comments?post=1887"}],"version-history":[{"count":0,"href":"http:\/\/aula21.net\/aulablog21\/wp-json\/wp\/v2\/posts\/1887\/revisions"}],"wp:attachment":[{"href":"http:\/\/aula21.net\/aulablog21\/wp-json\/wp\/v2\/media?parent=1887"}],"wp:term":[{"taxonomy":"category","embeddable":true,"href":"http:\/\/aula21.net\/aulablog21\/wp-json\/wp\/v2\/categories?post=1887"},{"taxonomy":"post_tag","embeddable":true,"href":"http:\/\/aula21.net\/aulablog21\/wp-json\/wp\/v2\/tags?post=1887"}],"curies":[{"name":"wp","href":"https:\/\/api.w.org\/{rel}","templated":true}]}}