{"id":1888,"date":"2008-11-13T18:27:39","date_gmt":"2008-11-13T17:27:39","guid":{"rendered":"http:\/\/aula21.net\/aulablog21\/?p=1888"},"modified":"2008-11-13T18:30:29","modified_gmt":"2008-11-13T17:30:29","slug":"esperando-los-materiales-de-es-de-libro","status":"publish","type":"post","link":"http:\/\/aula21.net\/aulablog21\/archives\/2008\/11\/13\/esperando-los-materiales-de-es-de-libro\/","title":{"rendered":"Esperando los materiales de ES DE LIBRO"},"content":{"rendered":"<blockquote><p>En los \u00faltimos a\u00f1os se ha producido en las escuelas un distanciamiento muy importante en todo lo relacionado con el uso de las fuentes documentales y el respeto a los derechos de autor. Cada vez se recurre m\u00e1s al \u00abcopia y pega\u00bb y se obvia que detr\u00e1s de un libro hay un creador y un editor, cuyo trabajo hay que respetar. <a href=\"http:\/\/www.esdelibro.es\/index.php\">Es de libro, el programa educativo de CEDRO <\/a>dirigido a la ESO y al bachillerato, tiene como fin acercar el mundo de los derechos de autor a la comunidad educativa y de esta forma conseguir que se respete el trabajo de autores y editores. Unidades did\u00e1cticas para profesores y alumnos y un concurso de trabajos escolares originales son algunos de los materiales y actividades que ofrece esta iniciativa.<\/p><\/blockquote>\n<p style=\"text-align: center;\"><a href=\"http:\/\/www.esdelibro.es\"><img loading=\"lazy\" decoding=\"async\" class=\"alignnone size-full wp-image-1889 aligncenter\" title=\"esdelibro\" src=\"http:\/\/aula21.net\/aulablog21\/wp-content\/uploads\/2008\/11\/esdelibro.png\" alt=\"\" width=\"500\" height=\"113\" srcset=\"http:\/\/aula21.net\/aulablog21\/wp-content\/uploads\/2008\/11\/esdelibro.png 800w, http:\/\/aula21.net\/aulablog21\/wp-content\/uploads\/2008\/11\/esdelibro-300x68.png 300w, http:\/\/aula21.net\/aulablog21\/wp-content\/uploads\/2008\/11\/esdelibro-768x175.png 768w\" sizes=\"auto, (max-width: 500px) 100vw, 500px\" \/><\/a><\/p>\n<p>Desde su web<a href=\"http:\/\/www.esdelibro.es\/index.php?id_seccion=15\"> te puedes descargar<\/a> magn\u00edficos materiales y actividades para ense\u00f1ar a tus alumnos a elaborar trabajos pero yo he preferido rellenar un cuestionario para que me los manden a mi Instituto por correo, mi vista ya no es lo que era para leer en la pantalla del ordenador<br \/>\nDesde el 15 de septiembre hasta el 4 de febrero tus alumnos<a href=\"http:\/\/www.esdelibro.es\/index.php?id_seccion=5\"> se pueden presentar al concurso con importantes premios<\/a> para todos.<br \/>\nMuy interesante resulta <a href=\"http:\/\/www.esdelibro.es\/index.php?id_seccion=110\">ver los trabajos ganadores de las edicioones anteriores<\/a>.<br \/>\nSe trata de trabajos originales de investigaci\u00f3n, desarrollados por estudiantes, sobre un tema de su inter\u00e9s: m\u00fasica, ciencia, literatura, arte, naturaleza, historia, cine, deportes, filosof\u00eda, tecnolog\u00edas, matem\u00e1ticas\u2026 de ESO, Bachillerato y Ciclos Formativos.<br \/>\nMuy interesante resulta <a href=\"http:\/\/www.esdelibro.es\/index.php?id_seccion=110\">ver los trabajos premiados<\/a> de a\u00f1os anteriores.<\/p>\n","protected":false},"excerpt":{"rendered":"<p>En los \u00faltimos a\u00f1os se ha producido en las escuelas un distanciamiento muy importante en todo lo relacionado con el uso de las fuentes documentales y el respeto a los derechos de autor. Cada vez se recurre m\u00e1s al \u00abcopia y pega\u00bb y se obvia que detr\u00e1s de un libro hay un creador y un [&hellip;]<\/p>\n","protected":false},"author":1,"featured_media":0,"comment_status":"open","ping_status":"open","sticky":false,"template":"","format":"standard","meta":{"footnotes":""},"categories":[8,29,14],"tags":[],"class_list":["post-1888","post","type-post","status-publish","format-standard","hentry","category-educacion_e_internet","category-lecturas","category-recursos-variados"],"_links":{"self":[{"href":"http:\/\/aula21.net\/aulablog21\/wp-json\/wp\/v2\/posts\/1888","targetHints":{"allow":["GET"]}}],"collection":[{"href":"http:\/\/aula21.net\/aulablog21\/wp-json\/wp\/v2\/posts"}],"about":[{"href":"http:\/\/aula21.net\/aulablog21\/wp-json\/wp\/v2\/types\/post"}],"author":[{"embeddable":true,"href":"http:\/\/aula21.net\/aulablog21\/wp-json\/wp\/v2\/users\/1"}],"replies":[{"embeddable":true,"href":"http:\/\/aula21.net\/aulablog21\/wp-json\/wp\/v2\/comments?post=1888"}],"version-history":[{"count":0,"href":"http:\/\/aula21.net\/aulablog21\/wp-json\/wp\/v2\/posts\/1888\/revisions"}],"wp:attachment":[{"href":"http:\/\/aula21.net\/aulablog21\/wp-json\/wp\/v2\/media?parent=1888"}],"wp:term":[{"taxonomy":"category","embeddable":true,"href":"http:\/\/aula21.net\/aulablog21\/wp-json\/wp\/v2\/categories?post=1888"},{"taxonomy":"post_tag","embeddable":true,"href":"http:\/\/aula21.net\/aulablog21\/wp-json\/wp\/v2\/tags?post=1888"}],"curies":[{"name":"wp","href":"https:\/\/api.w.org\/{rel}","templated":true}]}}