{"id":1890,"date":"2008-11-15T13:16:14","date_gmt":"2008-11-15T12:16:14","guid":{"rendered":"http:\/\/aula21.net\/aulablog21\/?p=1890"},"modified":"2008-11-15T21:02:57","modified_gmt":"2008-11-15T20:02:57","slug":"nevo-numero-de-la-revista-dim","status":"publish","type":"post","link":"http:\/\/aula21.net\/aulablog21\/archives\/2008\/11\/15\/nevo-numero-de-la-revista-dim\/","title":{"rendered":"Nuevo n\u00famero de la revista DIM"},"content":{"rendered":"<p style=\"text-align: center;\"><a href=\"http:\/\/dewey.uab.es\/pmarques\/dim\/revista.htm\"><img loading=\"lazy\" decoding=\"async\" class=\"alignnone size-full wp-image-1891 aligncenter\" title=\"revistalogojpeg\" src=\"http:\/\/aula21.net\/aulablog21\/wp-content\/uploads\/2008\/11\/revistalogojpeg.jpg\" alt=\"\" width=\"171\" height=\"76\" \/><\/a><\/p>\n<p>Ya est\u00e1 disponible el <a href=\"http:\/\/dewey.uab.es\/pmarques\/dim\/revista.htm\">n\u00famero 12 de la Revista DIM<\/a> (did\u00e1ctica, innovaci\u00f3n y multimedia). Este n\u00famero tiene que como eje central los proyectos de colaboraci\u00f3n e intercambio europeos.<\/p>\n<p>Tenemos interesantes contenidos y <a href=\"http:\/\/dewey.uab.es\/pmarques\/dim\/revistaDIM12\/entrevista1.htm\">una entrevista <\/a>a mi amiga Carmen Barba, una de las personas que m\u00e1s ha hecho por difundir el buen uso del modelo WebQuests en nuestro pa\u00eds.<\/p>\n<p>La entrevista ha sido realizada por el amable\u00a0<a href=\"http:\/\/peremarques.blogspot.com\/\">Dr. Pere Marqu\u00e8s<\/a> Director del Grupo DIM-UAb al que tendr\u00e9 de nuevo el gusto de ver de nuevo el pr\u00f3ximo d\u00eda 28 en la IV edici\u00f3n de TIC_LAB y C_LAB en Aranjuez.<br \/>\nDurante tres dias habra ponencias y talleres, yo una vez m\u00e1s coordinar\u00e9 un taller de wikis, de todo ello dar\u00e9 cumplida cuenta otro d\u00eda.<\/p>\n","protected":false},"excerpt":{"rendered":"<p>Ya est\u00e1 disponible el n\u00famero 12 de la Revista DIM (did\u00e1ctica, innovaci\u00f3n y multimedia). Este n\u00famero tiene que como eje central los proyectos de colaboraci\u00f3n e intercambio europeos. Tenemos interesantes contenidos y una entrevista a mi amiga Carmen Barba, una de las personas que m\u00e1s ha hecho por difundir el buen uso del modelo WebQuests [&hellip;]<\/p>\n","protected":false},"author":1,"featured_media":0,"comment_status":"open","ping_status":"open","sticky":false,"template":"","format":"standard","meta":{"footnotes":""},"categories":[25,29,7],"tags":[],"class_list":["post-1890","post","type-post","status-publish","format-standard","hentry","category-eventos","category-lecturas","category-personal"],"_links":{"self":[{"href":"http:\/\/aula21.net\/aulablog21\/wp-json\/wp\/v2\/posts\/1890","targetHints":{"allow":["GET"]}}],"collection":[{"href":"http:\/\/aula21.net\/aulablog21\/wp-json\/wp\/v2\/posts"}],"about":[{"href":"http:\/\/aula21.net\/aulablog21\/wp-json\/wp\/v2\/types\/post"}],"author":[{"embeddable":true,"href":"http:\/\/aula21.net\/aulablog21\/wp-json\/wp\/v2\/users\/1"}],"replies":[{"embeddable":true,"href":"http:\/\/aula21.net\/aulablog21\/wp-json\/wp\/v2\/comments?post=1890"}],"version-history":[{"count":0,"href":"http:\/\/aula21.net\/aulablog21\/wp-json\/wp\/v2\/posts\/1890\/revisions"}],"wp:attachment":[{"href":"http:\/\/aula21.net\/aulablog21\/wp-json\/wp\/v2\/media?parent=1890"}],"wp:term":[{"taxonomy":"category","embeddable":true,"href":"http:\/\/aula21.net\/aulablog21\/wp-json\/wp\/v2\/categories?post=1890"},{"taxonomy":"post_tag","embeddable":true,"href":"http:\/\/aula21.net\/aulablog21\/wp-json\/wp\/v2\/tags?post=1890"}],"curies":[{"name":"wp","href":"https:\/\/api.w.org\/{rel}","templated":true}]}}