{"id":1892,"date":"2008-11-16T21:21:00","date_gmt":"2008-11-16T20:21:00","guid":{"rendered":"http:\/\/aula21.net\/aulablog21\/?p=1892"},"modified":"2008-11-16T21:21:00","modified_gmt":"2008-11-16T20:21:00","slug":"sumate-conviviencia-escolar","status":"publish","type":"post","link":"http:\/\/aula21.net\/aulablog21\/archives\/2008\/11\/16\/sumate-conviviencia-escolar\/","title":{"rendered":"S\u00famate, conviviencia escolar"},"content":{"rendered":"<p>El portal educativo <a title=\"Portal Educared\" href=\"http:\/\/portales.educared.net\/convivenciaescolar\/index.asp?title=1\" target=\"_blank\">Educared<\/a> junto con FETE-UGT y la Fnndaci\u00f3n Telef\u00f3nica han elaborado una gu\u00eda sobre el acoso escolar para alumnos y alumnas de ESO. Con ella pretende informar sobre este fen\u00f3meno y ayudar a identificarlo y a enfrentarse a \u00e9l. En <a title=\"Acoso escolar: Gu\u00eda para chicos y chicas de Secundaria\" href=\"http:\/\/portales.educared.net\/convivenciaescolar\/biblioteca_detalle.asp?title=3&amp;id=16\" target=\"_blank\">esta p\u00e1gina<\/a> puedes informarte sobre los contenidos del libro y, si lo deseas, tambi\u00e9n puedes <a title=\"Acoso escolar: Gu\u00eda para chicos y chicas de Secundaria\" href=\"http:\/\/portales.educared.net\/convivenciaescolar\/contenidos\/guia.pdf\" target=\"_self\">descargarlo<\/a> de forma totalmente gratuita en formato PDF (5 Mb). Lo que pretenden <a href=\"http:\/\/aula21.net\/aulablog21\/wp-content\/uploads\/2008\/11\/bullying.jpg\"><img loading=\"lazy\" decoding=\"async\" class=\"alignleft size-medium wp-image-1893\" title=\"bullying\" src=\"http:\/\/aula21.net\/aulablog21\/wp-content\/uploads\/2008\/11\/bullying-300x242.jpg\" alt=\"\" width=\"300\" height=\"242\" srcset=\"http:\/\/aula21.net\/aulablog21\/wp-content\/uploads\/2008\/11\/bullying-300x242.jpg 300w, http:\/\/aula21.net\/aulablog21\/wp-content\/uploads\/2008\/11\/bullying.jpg 400w\" sizes=\"auto, (max-width: 300px) 100vw, 300px\" \/><\/a>los autores del libro es que entiendas que \u00abser t\u00fa mismo\/a, sentirte seguro\/a, ser feliz y ser respetado\/a, participar de las relaciones sociales que se establecen en el centro y que tus cosas sean respetadas son tus derechos y debes hacerlos valer y respetarlos en los dem\u00e1s.\u00bb<\/p>\n<p><a href=\"http:\/\/portales.educared.net\/convivenciaescolar\/index.asp?title=1\">El portal<\/a> contiene otros recursos de inter\u00e9s y tiene un dise\u00f1o muy atractivo.<\/p>\n","protected":false},"excerpt":{"rendered":"<p>El portal educativo Educared junto con FETE-UGT y la Fnndaci\u00f3n Telef\u00f3nica han elaborado una gu\u00eda sobre el acoso escolar para alumnos y alumnas de ESO. Con ella pretende informar sobre este fen\u00f3meno y ayudar a identificarlo y a enfrentarse a \u00e9l. En esta p\u00e1gina puedes informarte sobre los contenidos del libro y, si lo deseas, [&hellip;]<\/p>\n","protected":false},"author":1,"featured_media":0,"comment_status":"open","ping_status":"open","sticky":false,"template":"","format":"standard","meta":{"footnotes":""},"categories":[8,26,14],"tags":[],"class_list":["post-1892","post","type-post","status-publish","format-standard","hentry","category-educacion_e_internet","category-orientacion","category-recursos-variados"],"_links":{"self":[{"href":"http:\/\/aula21.net\/aulablog21\/wp-json\/wp\/v2\/posts\/1892","targetHints":{"allow":["GET"]}}],"collection":[{"href":"http:\/\/aula21.net\/aulablog21\/wp-json\/wp\/v2\/posts"}],"about":[{"href":"http:\/\/aula21.net\/aulablog21\/wp-json\/wp\/v2\/types\/post"}],"author":[{"embeddable":true,"href":"http:\/\/aula21.net\/aulablog21\/wp-json\/wp\/v2\/users\/1"}],"replies":[{"embeddable":true,"href":"http:\/\/aula21.net\/aulablog21\/wp-json\/wp\/v2\/comments?post=1892"}],"version-history":[{"count":0,"href":"http:\/\/aula21.net\/aulablog21\/wp-json\/wp\/v2\/posts\/1892\/revisions"}],"wp:attachment":[{"href":"http:\/\/aula21.net\/aulablog21\/wp-json\/wp\/v2\/media?parent=1892"}],"wp:term":[{"taxonomy":"category","embeddable":true,"href":"http:\/\/aula21.net\/aulablog21\/wp-json\/wp\/v2\/categories?post=1892"},{"taxonomy":"post_tag","embeddable":true,"href":"http:\/\/aula21.net\/aulablog21\/wp-json\/wp\/v2\/tags?post=1892"}],"curies":[{"name":"wp","href":"https:\/\/api.w.org\/{rel}","templated":true}]}}