{"id":1910,"date":"2008-11-27T17:34:26","date_gmt":"2008-11-27T16:34:26","guid":{"rendered":"http:\/\/aula21.net\/aulablog21\/?p=1910"},"modified":"2008-11-27T17:36:51","modified_gmt":"2008-11-27T16:36:51","slug":"preparando-las-jornadas-de-aranjuez","status":"publish","type":"post","link":"http:\/\/aula21.net\/aulablog21\/archives\/2008\/11\/27\/preparando-las-jornadas-de-aranjuez\/","title":{"rendered":"Preparando las Jornadas de Aranjuez"},"content":{"rendered":"<p><img decoding=\"async\" src=\"http:\/\/ticlab.wikispaces.com\/file\/view\/logoticlab2.png\" alt=\"ticlab\" \/><br \/>\nMa\u00f1ana comienza la IV edici\u00f3n de TIC_LAB y C_LAB en Aranjuez organizadas por la Consultora de <a href=\"http:\/\/www.educacionysistemas.com\/\">Educaci\u00f3n y Sistemas<\/a> a las que estoy invitado.<br \/>\nEn la edici\u00f3n de este a\u00f1o, se har\u00e1 hincapi\u00e9 en la utilizaci\u00f3n de la pizarra digital interactiva (PDI) y en las posibilidades did\u00e1cticas de la web 2.0, adem\u00e1s de ofrecerse ejemplos de experiencias educativas puestas en pr\u00e1ctica en centros pioneros en el uso de las TIC como <a href=\"http:\/\/www.colegiobase.com\/cbase\/\">el Colegio \u201cBase\u201d de Madrid<\/a>.<br \/>\nDurante tres d\u00edas, los participantes asistir\u00e1n a varias conferencias y talleres de la mano de profesionales como los profesores de Tecnolog\u00eda Educativa <a href=\"http:\/\/sites.google.com\/site\/jornadasaranjuez\/contenidos-tic-la\/angel-sobrino\">\u00c1ngel Sobrino<\/a>, del Departamento de Educaci\u00f3n de la Universidad de Navarra, y <a href=\"http:\/\/peremarques.blogspot.com\/\">Pere Marqu\u00e9s<\/a>, del Departamento de Pedagog\u00eda Aplicada de la Universidad Aut\u00f3noma de Barcelona, quienes hablar\u00e1n sobre la formaci\u00f3n del profesorado en Nuevas Tecnolog\u00edas y las l\u00edneas de investigaci\u00f3n sobre PDI, en sus respectivas ponencias.<br \/>\nOtra de las conferencias esperadas es la de<a href=\"http:\/\/tiscar.com\/\"> T\u00edscar Lara<\/a>, quien imparte cursos de formaci\u00f3n permanente del profesorado en contenidos TIC, alfabetizaci\u00f3n multimedia, asimismo estar\u00e1n como ponentes<a href=\"http:\/\/internetrecursoeducativo.blogia.com\/\"> Francisco Ruiz <\/a>profesor del IES Monterroso y <a href=\"http:\/\/sites.google.com\/site\/jornadasaranjuez\/contenidos-tic-la\/google-docs\">\u00c1ngel P\u00e9rez y Pepe Gir\u00e1ldez<\/a> profesores del Colegio Base de Madrid.<br \/>\nAgradecer una vez m\u00e1s a Victor Acosta responsable de formaci\u00f3n de <a href=\"http:\/\/www.educacionysistemas.com\/\">Educaci\u00f3n y Sistemas<\/a> la invitaci\u00f3n y el amable trato que me dispensa.<br \/>\nEstoy dando los \u00faltimos toques <a href=\"http:\/\/ticlab.wikispaces.com\/\">al taller de wikis que impartir\u00e9<\/a>, espero regresar el domingo por la tarde a Almendralejo.<br \/>\nVictor ha creado<a href=\"http:\/\/sites.google.com\/site\/jornadasaranjuez\/\"> un wiki en Google Site<\/a> en el que se recopilar\u00e1n todos los talleres y ponencias del evento.<\/p>\n","protected":false},"excerpt":{"rendered":"<p>Ma\u00f1ana comienza la IV edici\u00f3n de TIC_LAB y C_LAB en Aranjuez organizadas por la Consultora de Educaci\u00f3n y Sistemas a las que estoy invitado. En la edici\u00f3n de este a\u00f1o, se har\u00e1 hincapi\u00e9 en la utilizaci\u00f3n de la pizarra digital interactiva (PDI) y en las posibilidades did\u00e1cticas de la web 2.0, adem\u00e1s de ofrecerse ejemplos [&hellip;]<\/p>\n","protected":false},"author":1,"featured_media":0,"comment_status":"open","ping_status":"open","sticky":false,"template":"","format":"standard","meta":{"footnotes":""},"categories":[25,7,28,16],"tags":[],"class_list":["post-1910","post","type-post","status-publish","format-standard","hentry","category-eventos","category-personal","category-web20","category-wikis"],"_links":{"self":[{"href":"http:\/\/aula21.net\/aulablog21\/wp-json\/wp\/v2\/posts\/1910","targetHints":{"allow":["GET"]}}],"collection":[{"href":"http:\/\/aula21.net\/aulablog21\/wp-json\/wp\/v2\/posts"}],"about":[{"href":"http:\/\/aula21.net\/aulablog21\/wp-json\/wp\/v2\/types\/post"}],"author":[{"embeddable":true,"href":"http:\/\/aula21.net\/aulablog21\/wp-json\/wp\/v2\/users\/1"}],"replies":[{"embeddable":true,"href":"http:\/\/aula21.net\/aulablog21\/wp-json\/wp\/v2\/comments?post=1910"}],"version-history":[{"count":0,"href":"http:\/\/aula21.net\/aulablog21\/wp-json\/wp\/v2\/posts\/1910\/revisions"}],"wp:attachment":[{"href":"http:\/\/aula21.net\/aulablog21\/wp-json\/wp\/v2\/media?parent=1910"}],"wp:term":[{"taxonomy":"category","embeddable":true,"href":"http:\/\/aula21.net\/aulablog21\/wp-json\/wp\/v2\/categories?post=1910"},{"taxonomy":"post_tag","embeddable":true,"href":"http:\/\/aula21.net\/aulablog21\/wp-json\/wp\/v2\/tags?post=1910"}],"curies":[{"name":"wp","href":"https:\/\/api.w.org\/{rel}","templated":true}]}}