{"id":1918,"date":"2008-12-04T21:26:57","date_gmt":"2008-12-04T20:26:57","guid":{"rendered":"http:\/\/aula21.net\/aulablog21\/?p=1918"},"modified":"2008-12-06T13:18:39","modified_gmt":"2008-12-06T12:18:39","slug":"extremadura-enamora-es-finalista-del-concurso-de-blogs","status":"publish","type":"post","link":"http:\/\/aula21.net\/aulablog21\/archives\/2008\/12\/04\/extremadura-enamora-es-finalista-del-concurso-de-blogs\/","title":{"rendered":"Extremadura Enamora es finalista del concurso de blogs"},"content":{"rendered":"<p><a href=\"http:\/\/www.yosoymarcaextremadura.com\/\"><\/a><br \/>\n<a href=\"http:\/\/www.marcaextremadura.es\/\">Marca Extremadura<\/a> puso en marcha en Octubre un concurso entre los alumnos de los colegios de la regi\u00f3n donde los participantes ten\u00edan que exponer, en formato blog, sus ideas acerca de Marca Extremadura.<\/p>\n<p style=\"text-align: center;\"><img loading=\"lazy\" decoding=\"async\" class=\"alignnone size-full wp-image-1919 aligncenter\" title=\"finalistas\" src=\"http:\/\/aula21.net\/aulablog21\/wp-content\/uploads\/2008\/12\/finalistas.png\" alt=\"\" width=\"500\" height=\"327\" srcset=\"http:\/\/aula21.net\/aulablog21\/wp-content\/uploads\/2008\/12\/finalistas.png 656w, http:\/\/aula21.net\/aulablog21\/wp-content\/uploads\/2008\/12\/finalistas-300x197.png 300w\" sizes=\"auto, (max-width: 500px) 100vw, 500px\" \/><\/p>\n<p>El concurso pretend\u00eda conocer las inquietudes de los j\u00f3venes, su percepci\u00f3n y valoraci\u00f3n de Extremadura, as\u00ed como implicarles en el proceso de construcci\u00f3n de Marca Extremadura.<\/p>\n<p>En este concurso pod\u00edan participar 204 colegios (p\u00fablicos, privados y concertados), de entre los cuales podr\u00e1n presentar blogs todos los alumnos de 1\u00ba, 2\u00ba, 3\u00ba y 4\u00ba de la E.S.O. agrupados por clases.<br \/>\nEl jurado formado por 5 periodistas de relevancia ha seleccionado quienes hoy\u00a0 los10 blogs finalistas, y posteriormente elegir\u00e1n al ganador.<br \/>\nJunto a mi compa\u00f1era Hortensia y los alumnos de 4\u00ba de Diversificaci\u00f3n presentamos <a href=\"http:\/\/extremaduraenamora.blogspot.com\/\">un blog <\/a>al concurso y hemos sido seleccionado como finalistas, ma\u00f1ana cuando se lo diga a los chicos se van a poner locos de contentos, el t\u00edtulo del mismo es<a href=\"http:\/\/extremaduraenamora.blogspot.com\/\"> EXTREMADURA ENAMORA<\/a><\/p>\n<p>Toda la informaci\u00f3n referida al concurso, las bases, la composici\u00f3n del jurado y el premio para los ganadores est\u00e1 publicada en <a href=\"http:\/\/www.yosoymarcaextremadura.com\/\">http:\/\/www.yosoymarcaextremadura.com\/<\/a>.<\/p>\n<p><a href=\"http:\/\/extremaduraenamora.blogspot.com\/\">En el blog<\/a> hemos usado multitud de recursos de la web 2.0 y creo que ha quedado muy majo, si les dejas algun comentario a mis alumnos aseguro que lo agradecer\u00e1n un mont\u00f3n.<\/p>\n<p><a href=\"http:\/\/extremaduraenamora.blogspot.com\/2008\/12\/todo-trabajo-tiene-su-recompensa-somos.html\">En esta entrada<\/a> he enlazado el resto de finalistas y he puesto algunas reflexiones sobre el asunto.<\/p>\n<p>La idea fundamental que quiero tranmitir es que trabajar duro por algo merece la pena y al final enla vida todo esfuerzo tiene su recompensa, son unas ideas muy primarias pero yo lo siento as\u00ed.<\/p>\n<p>Para terminar os dire un secreto&#8230;. <strong>Extremadura enamora, dejat\u00e9 enamorar por ella&#8230;<\/strong><\/p>\n<p style=\"text-align: center;\"><a href=\"http:\/\/extremaduraenamora.blogspot.com\/\"><img loading=\"lazy\" decoding=\"async\" class=\"alignnone size-full wp-image-1920 aligncenter\" title=\"newenamora840\" src=\"http:\/\/aula21.net\/aulablog21\/wp-content\/uploads\/2008\/12\/newenamora840.png\" alt=\"\" width=\"500\" height=\"134\" srcset=\"http:\/\/aula21.net\/aulablog21\/wp-content\/uploads\/2008\/12\/newenamora840.png 840w, http:\/\/aula21.net\/aulablog21\/wp-content\/uploads\/2008\/12\/newenamora840-300x80.png 300w\" sizes=\"auto, (max-width: 500px) 100vw, 500px\" \/><\/a><\/p>\n<p><!--adsense--><\/p>\n","protected":false},"excerpt":{"rendered":"<p>Marca Extremadura puso en marcha en Octubre un concurso entre los alumnos de los colegios de la regi\u00f3n donde los participantes ten\u00edan que exponer, en formato blog, sus ideas acerca de Marca Extremadura. El concurso pretend\u00eda conocer las inquietudes de los j\u00f3venes, su percepci\u00f3n y valoraci\u00f3n de Extremadura, as\u00ed como implicarles en el proceso de [&hellip;]<\/p>\n","protected":false},"author":1,"featured_media":0,"comment_status":"open","ping_status":"open","sticky":false,"template":"","format":"standard","meta":{"footnotes":""},"categories":[7,14,28,2],"tags":[],"class_list":["post-1918","post","type-post","status-publish","format-standard","hentry","category-personal","category-recursos-variados","category-web20","category-weblogs_en_el_aula"],"_links":{"self":[{"href":"http:\/\/aula21.net\/aulablog21\/wp-json\/wp\/v2\/posts\/1918","targetHints":{"allow":["GET"]}}],"collection":[{"href":"http:\/\/aula21.net\/aulablog21\/wp-json\/wp\/v2\/posts"}],"about":[{"href":"http:\/\/aula21.net\/aulablog21\/wp-json\/wp\/v2\/types\/post"}],"author":[{"embeddable":true,"href":"http:\/\/aula21.net\/aulablog21\/wp-json\/wp\/v2\/users\/1"}],"replies":[{"embeddable":true,"href":"http:\/\/aula21.net\/aulablog21\/wp-json\/wp\/v2\/comments?post=1918"}],"version-history":[{"count":0,"href":"http:\/\/aula21.net\/aulablog21\/wp-json\/wp\/v2\/posts\/1918\/revisions"}],"wp:attachment":[{"href":"http:\/\/aula21.net\/aulablog21\/wp-json\/wp\/v2\/media?parent=1918"}],"wp:term":[{"taxonomy":"category","embeddable":true,"href":"http:\/\/aula21.net\/aulablog21\/wp-json\/wp\/v2\/categories?post=1918"},{"taxonomy":"post_tag","embeddable":true,"href":"http:\/\/aula21.net\/aulablog21\/wp-json\/wp\/v2\/tags?post=1918"}],"curies":[{"name":"wp","href":"https:\/\/api.w.org\/{rel}","templated":true}]}}