{"id":1921,"date":"2008-12-07T22:19:39","date_gmt":"2008-12-07T21:19:39","guid":{"rendered":"http:\/\/aula21.net\/aulablog21\/?p=1921"},"modified":"2008-12-07T22:23:30","modified_gmt":"2008-12-07T21:23:30","slug":"algunos-empiezan-a-dudar-de-las-bondades-de-la-reforma","status":"publish","type":"post","link":"http:\/\/aula21.net\/aulablog21\/archives\/2008\/12\/07\/algunos-empiezan-a-dudar-de-las-bondades-de-la-reforma\/","title":{"rendered":"Algunos empiezan a dudar de las bondades de la reforma"},"content":{"rendered":"<p>Visto en <a href=\"http:\/\/www.e-faro.info\/\">e-faro<\/a><\/p>\n<p>\u00bfVamos a seguir permitiendo que nuestros hijos se estrellen por culpa de los incompetentes que dirigen los destinos educativos de este pa\u00eds?<\/p>\n<p>Me temo que de momento s\u00ed pero no s\u00e9 hasta cuando&#8230;<br \/>\n<a href=\"http:\/\/aula21.net\/aulablog21\/wp-content\/uploads\/2008\/12\/081129padrereformaeducat.jpg\"><img loading=\"lazy\" decoding=\"async\" class=\"alignnone size-full wp-image-1922\" title=\"081129padrereformaeducat\" src=\"http:\/\/aula21.net\/aulablog21\/wp-content\/uploads\/2008\/12\/081129padrereformaeducat.jpg\" alt=\"\" width=\"500\" height=\"296\" srcset=\"http:\/\/aula21.net\/aulablog21\/wp-content\/uploads\/2008\/12\/081129padrereformaeducat.jpg 624w, http:\/\/aula21.net\/aulablog21\/wp-content\/uploads\/2008\/12\/081129padrereformaeducat-300x178.jpg 300w\" sizes=\"auto, (max-width: 500px) 100vw, 500px\" \/><\/a><\/p>\n","protected":false},"excerpt":{"rendered":"<p>Visto en e-faro \u00bfVamos a seguir permitiendo que nuestros hijos se estrellen por culpa de los incompetentes que dirigen los destinos educativos de este pa\u00eds? Me temo que de momento s\u00ed pero no s\u00e9 hasta cuando&#8230;<\/p>\n","protected":false},"author":1,"featured_media":0,"comment_status":"open","ping_status":"open","sticky":false,"template":"","format":"standard","meta":{"footnotes":""},"categories":[19],"tags":[],"class_list":["post-1921","post","type-post","status-publish","format-standard","hentry","category-educacion"],"_links":{"self":[{"href":"http:\/\/aula21.net\/aulablog21\/wp-json\/wp\/v2\/posts\/1921","targetHints":{"allow":["GET"]}}],"collection":[{"href":"http:\/\/aula21.net\/aulablog21\/wp-json\/wp\/v2\/posts"}],"about":[{"href":"http:\/\/aula21.net\/aulablog21\/wp-json\/wp\/v2\/types\/post"}],"author":[{"embeddable":true,"href":"http:\/\/aula21.net\/aulablog21\/wp-json\/wp\/v2\/users\/1"}],"replies":[{"embeddable":true,"href":"http:\/\/aula21.net\/aulablog21\/wp-json\/wp\/v2\/comments?post=1921"}],"version-history":[{"count":0,"href":"http:\/\/aula21.net\/aulablog21\/wp-json\/wp\/v2\/posts\/1921\/revisions"}],"wp:attachment":[{"href":"http:\/\/aula21.net\/aulablog21\/wp-json\/wp\/v2\/media?parent=1921"}],"wp:term":[{"taxonomy":"category","embeddable":true,"href":"http:\/\/aula21.net\/aulablog21\/wp-json\/wp\/v2\/categories?post=1921"},{"taxonomy":"post_tag","embeddable":true,"href":"http:\/\/aula21.net\/aulablog21\/wp-json\/wp\/v2\/tags?post=1921"}],"curies":[{"name":"wp","href":"https:\/\/api.w.org\/{rel}","templated":true}]}}