{"id":1939,"date":"2009-01-14T21:10:41","date_gmt":"2009-01-14T20:10:41","guid":{"rendered":"http:\/\/aula21.net\/aulablog21\/?p=1939"},"modified":"2009-01-14T21:58:44","modified_gmt":"2009-01-14T20:58:44","slug":"1939","status":"publish","type":"post","link":"http:\/\/aula21.net\/aulablog21\/archives\/2009\/01\/14\/1939\/","title":{"rendered":"La Universidad del Siglo XXI"},"content":{"rendered":"<p><a href=\"http:\/\/www.elmundo.es\/suplementos\/campus\/2009\/536\/1231887603.html\">En el suplemento Campus del diario El Mundo<\/a> de hoy han publicado un art\u00edculo titulado \u00abDiez claves indispensables para modernizar la Universidad espa\u00f1ola\u00bb en el que expertos de diferentes \u00e1mbitos acad\u00e9micos comentan para \u2018Campus\u2019 los principales retos a los que se enfrenta nuestro sistema de educaci\u00f3n superior. Me ha impactado lo dicho por Eudald Carbonell Director del Instituto Catal\u00e1n de Paleoecolog\u00eda Humana y Evoluci\u00f3n Social.  <strong><\/strong><\/p>\n<p><strong>\u00abEl siglo XXI<\/strong> se convertir\u00e1 en el siglo de la conciencia de especie. La Universidad como instrumento de conocimiento dejar\u00e1 de existir, pues la socializaci\u00f3n de la revoluci\u00f3n cient\u00edfico-t\u00e9cnica proporcionar\u00e1 a los espacios sociales de especie nuevas formas de aprendizaje, que har\u00e1n obsoleta la Universidad concebida como estructura de cultura de las elites.  Esta instituci\u00f3n dejar\u00e1 paso al pensamiento colectivo, al pensamiento &#8216;Homo sapiens&#8217;. El \u00e1gora humana planetaria jugar\u00e1 un papel determinante en las postrimer\u00edas de este siglo. La Universidad ser\u00e1 amortizada y convertida en Arqueolog\u00eda, ser\u00e1 excretada de nuestro metabolismo intelectual. El profesor no existir\u00e1 como tal, seremos socializados por las m\u00e1quinas que nosotros mismos alimentaremos e iremos hacia el mundo del aprendizaje virtual. La socializaci\u00f3n del conocimiento y su transformaci\u00f3n en pensamiento se iniciar\u00e1 cuando asumamos que el cerebro colectivo es el instrumento de la evoluci\u00f3n responsable y el progreso consciente de nuestro g\u00e9nero.  El conocimiento de nuestro cerebro, del entorno planetario y del universo nos demandar\u00e1 formas de pensar que no podr\u00e1n ser correspondidas por instituciones de bajo valor operativo y ancladas en procesos en extinci\u00f3n.\u00bb<br \/>\n<!--adsense--><\/p>\n","protected":false},"excerpt":{"rendered":"<p>En el suplemento Campus del diario El Mundo de hoy han publicado un art\u00edculo titulado \u00abDiez claves indispensables para modernizar la Universidad espa\u00f1ola\u00bb en el que expertos de diferentes \u00e1mbitos acad\u00e9micos comentan para \u2018Campus\u2019 los principales retos a los que se enfrenta nuestro sistema de educaci\u00f3n superior. Me ha impactado lo dicho por Eudald Carbonell [&hellip;]<\/p>\n","protected":false},"author":1,"featured_media":0,"comment_status":"open","ping_status":"open","sticky":false,"template":"","format":"standard","meta":{"footnotes":""},"categories":[17,9,7,22,12],"tags":[],"class_list":["post-1939","post","type-post","status-publish","format-standard","hentry","category-articulos","category-google","category-personal","category-slideshare","category-software"],"_links":{"self":[{"href":"http:\/\/aula21.net\/aulablog21\/wp-json\/wp\/v2\/posts\/1939","targetHints":{"allow":["GET"]}}],"collection":[{"href":"http:\/\/aula21.net\/aulablog21\/wp-json\/wp\/v2\/posts"}],"about":[{"href":"http:\/\/aula21.net\/aulablog21\/wp-json\/wp\/v2\/types\/post"}],"author":[{"embeddable":true,"href":"http:\/\/aula21.net\/aulablog21\/wp-json\/wp\/v2\/users\/1"}],"replies":[{"embeddable":true,"href":"http:\/\/aula21.net\/aulablog21\/wp-json\/wp\/v2\/comments?post=1939"}],"version-history":[{"count":0,"href":"http:\/\/aula21.net\/aulablog21\/wp-json\/wp\/v2\/posts\/1939\/revisions"}],"wp:attachment":[{"href":"http:\/\/aula21.net\/aulablog21\/wp-json\/wp\/v2\/media?parent=1939"}],"wp:term":[{"taxonomy":"category","embeddable":true,"href":"http:\/\/aula21.net\/aulablog21\/wp-json\/wp\/v2\/categories?post=1939"},{"taxonomy":"post_tag","embeddable":true,"href":"http:\/\/aula21.net\/aulablog21\/wp-json\/wp\/v2\/tags?post=1939"}],"curies":[{"name":"wp","href":"https:\/\/api.w.org\/{rel}","templated":true}]}}