{"id":1959,"date":"2009-01-31T15:30:56","date_gmt":"2009-01-31T14:30:56","guid":{"rendered":"http:\/\/aula21.net\/aulablog21\/?p=1959"},"modified":"2009-02-01T22:48:06","modified_gmt":"2009-02-01T21:48:06","slug":"manifiesto-de-alumnos-en-contra-de-la-nueva-selectividad","status":"publish","type":"post","link":"http:\/\/aula21.net\/aulablog21\/archives\/2009\/01\/31\/manifiesto-de-alumnos-en-contra-de-la-nueva-selectividad\/","title":{"rendered":"Manifiesto de alumnos en contra de la nueva Selectividad"},"content":{"rendered":"<p>Hoy he conocido un nuevo portal de orientaci\u00f3n denominado <a href=\"http:\/\/www.kekiero.es\">KeKiero.es<\/a> con muchos y variados recursos.<\/p>\n<p>Me ha llamado enormemente la atenci\u00f3n el manifiesto de los alumnos de 1\u00ba de Bachillerato dirigido a la ministra de Educaci\u00f3n <a href=\"http:\/\/www.kekiero.es\/bachiller\/acceso-universidad\/116-manifiesto-alumnos.html\"><strong>Solicitud de modificaci\u00f3n del Real Decreto 1892\/2008 sobre la nueva selectividad y el nuevo sistema de acceso a la Universidad<\/strong><\/a><\/p>\n<blockquote>\n<ul>\n<li>Desde aqu\u00ed solicitamos que se permita que los actuales alumn@s de 1\u00ba podamos acceder a la universidad en funci\u00f3n de la adscripci\u00f3n de las modalidades a los estudios universitarios vigentes cuando empezamos el Bachiller.<\/li>\n<\/ul>\n<ul>\n<li> Suponemos y deseamos que la Administraci\u00f3n Educativa reaccionar\u00e1 y modificar\u00e1 el Real Decreto, pero desde aqu\u00ed solicitamos que se mantenga alg\u00fan sistema de reserva de plazas para Formaci\u00f3n Profesional por un lado y Bachiller por otro, para garantizar una mayor equidad, de manera que no tengamos que competir entre nosotros en inferioridad de condiciones.<\/li>\n<\/ul>\n<\/blockquote>\n<p><a href=\"http:\/\/www.kekiero.es\/bachiller\/acceso-universidad\/113-nuevo-sistema-acceso-universidad.html\">Los alumnos de 1\u00ba de bachillerato pueden sufrir graves perjuicios<\/a> que hemos de denunciar en todos los centros educativos, en la mayor\u00eda de los casos dado que los cambios no se producen hasta el pr\u00f3ximo curso la gente no se ha preocupado mucho del tema.<\/p>\n<p>A la crisis educativa que ya padecemos se va a unir el desafortunado cambio de la actual Selectividad y el desastre Bolonia.<\/p>\n<p><a href=\"http:\/\/www.kekiero.es\/bachiller\/acceso-universidad.html\">Este es el manifisto<\/a> que como padres nos invitan a enviar a la Ministra.<\/p>\n<p>\u00bf Tendr\u00e1 pregrabada la respuesta en\u00a0 YouTube ?<\/p>\n","protected":false},"excerpt":{"rendered":"<p>Hoy he conocido un nuevo portal de orientaci\u00f3n denominado KeKiero.es con muchos y variados recursos. Me ha llamado enormemente la atenci\u00f3n el manifiesto de los alumnos de 1\u00ba de Bachillerato dirigido a la ministra de Educaci\u00f3n Solicitud de modificaci\u00f3n del Real Decreto 1892\/2008 sobre la nueva selectividad y el nuevo sistema de acceso a la [&hellip;]<\/p>\n","protected":false},"author":1,"featured_media":0,"comment_status":"open","ping_status":"open","sticky":false,"template":"","format":"standard","meta":{"footnotes":""},"categories":[17,19],"tags":[],"class_list":["post-1959","post","type-post","status-publish","format-standard","hentry","category-articulos","category-educacion"],"_links":{"self":[{"href":"http:\/\/aula21.net\/aulablog21\/wp-json\/wp\/v2\/posts\/1959","targetHints":{"allow":["GET"]}}],"collection":[{"href":"http:\/\/aula21.net\/aulablog21\/wp-json\/wp\/v2\/posts"}],"about":[{"href":"http:\/\/aula21.net\/aulablog21\/wp-json\/wp\/v2\/types\/post"}],"author":[{"embeddable":true,"href":"http:\/\/aula21.net\/aulablog21\/wp-json\/wp\/v2\/users\/1"}],"replies":[{"embeddable":true,"href":"http:\/\/aula21.net\/aulablog21\/wp-json\/wp\/v2\/comments?post=1959"}],"version-history":[{"count":0,"href":"http:\/\/aula21.net\/aulablog21\/wp-json\/wp\/v2\/posts\/1959\/revisions"}],"wp:attachment":[{"href":"http:\/\/aula21.net\/aulablog21\/wp-json\/wp\/v2\/media?parent=1959"}],"wp:term":[{"taxonomy":"category","embeddable":true,"href":"http:\/\/aula21.net\/aulablog21\/wp-json\/wp\/v2\/categories?post=1959"},{"taxonomy":"post_tag","embeddable":true,"href":"http:\/\/aula21.net\/aulablog21\/wp-json\/wp\/v2\/tags?post=1959"}],"curies":[{"name":"wp","href":"https:\/\/api.w.org\/{rel}","templated":true}]}}