{"id":1969,"date":"2009-02-04T16:20:33","date_gmt":"2009-02-04T15:20:33","guid":{"rendered":"http:\/\/aula21.net\/aulablog21\/?p=1969"},"modified":"2009-02-04T16:23:08","modified_gmt":"2009-02-04T15:23:08","slug":"iii-premio-espiral-de-edublogs","status":"publish","type":"post","link":"http:\/\/aula21.net\/aulablog21\/archives\/2009\/02\/04\/iii-premio-espiral-de-edublogs\/","title":{"rendered":"III Premio Espiral de Edublogs"},"content":{"rendered":"<p>A trav\u00e9s del <a href=\"http:\/\/edublogs09.ciberespiral.org\/\" target=\"_blank\">el blog del III Premio Espiral Edublogs 09<\/a>, puedes enterarte de las <a href=\"http:\/\/ciberespiral.org\/edublogs09\/?page_id=3\" target=\"_blank\">bases, categor\u00edas, etc<\/a> de una nueva convocatoria de estos premios convocados por la <a href=\"http:\/\/ciberespiral.net\/\" target=\"_blank\">Asociaci\u00f3n Espiral, Educaci\u00f3n y Tecnolog\u00eda.<\/a><\/p>\n<p style=\"text-align: center;\"><a href=\"http:\/\/edublogs09.ciberespiral.org\/\"><img loading=\"lazy\" decoding=\"async\" class=\"aligncenter\" src=\"http:\/\/ciberespiral.org\/edublogs09\/logos\/edublogs09_200.gif\" alt=\"\" width=\"200\" height=\"286\" \/><\/a><\/p>\n<p style=\"text-align: center;\"><a href=\"http:\/\/edublogs09.ciberespiral.org\/\">La presentaci\u00f3n de candidaturas comenzar\u00e1 el pr\u00f3ximo 9 de febrero de 2009 y termina el 3 de abril. <\/a><\/p>\n<p>Si quieres participar<strong> <a href=\"http:\/\/ciberespiral.org\/edublogs09\/?page_id=6\" target=\"_blank\">env\u00eda tu blog<\/a><\/strong> y rellena el formulario correspondiente.<\/p>\n<ul>\n<li><a href=\"http:\/\/edublogs08.ciberespiral.net\/\">Ganadores y participantes de la edici\u00f3n 2008<\/a><\/li>\n<\/ul>\n<ul>\n<li><a href=\"http:\/\/ciberespiral.net\/edublogs\/\">Ganadores y participantes de la edici\u00f3n 2007<\/a><\/li>\n<\/ul>\n","protected":false},"excerpt":{"rendered":"<p>A trav\u00e9s del el blog del III Premio Espiral Edublogs 09, puedes enterarte de las bases, categor\u00edas, etc de una nueva convocatoria de estos premios convocados por la Asociaci\u00f3n Espiral, Educaci\u00f3n y Tecnolog\u00eda. La presentaci\u00f3n de candidaturas comenzar\u00e1 el pr\u00f3ximo 9 de febrero de 2009 y termina el 3 de abril. Si quieres participar env\u00eda [&hellip;]<\/p>\n","protected":false},"author":1,"featured_media":0,"comment_status":"open","ping_status":"open","sticky":false,"template":"","format":"standard","meta":{"footnotes":""},"categories":[14,2],"tags":[],"class_list":["post-1969","post","type-post","status-publish","format-standard","hentry","category-recursos-variados","category-weblogs_en_el_aula"],"_links":{"self":[{"href":"http:\/\/aula21.net\/aulablog21\/wp-json\/wp\/v2\/posts\/1969","targetHints":{"allow":["GET"]}}],"collection":[{"href":"http:\/\/aula21.net\/aulablog21\/wp-json\/wp\/v2\/posts"}],"about":[{"href":"http:\/\/aula21.net\/aulablog21\/wp-json\/wp\/v2\/types\/post"}],"author":[{"embeddable":true,"href":"http:\/\/aula21.net\/aulablog21\/wp-json\/wp\/v2\/users\/1"}],"replies":[{"embeddable":true,"href":"http:\/\/aula21.net\/aulablog21\/wp-json\/wp\/v2\/comments?post=1969"}],"version-history":[{"count":0,"href":"http:\/\/aula21.net\/aulablog21\/wp-json\/wp\/v2\/posts\/1969\/revisions"}],"wp:attachment":[{"href":"http:\/\/aula21.net\/aulablog21\/wp-json\/wp\/v2\/media?parent=1969"}],"wp:term":[{"taxonomy":"category","embeddable":true,"href":"http:\/\/aula21.net\/aulablog21\/wp-json\/wp\/v2\/categories?post=1969"},{"taxonomy":"post_tag","embeddable":true,"href":"http:\/\/aula21.net\/aulablog21\/wp-json\/wp\/v2\/tags?post=1969"}],"curies":[{"name":"wp","href":"https:\/\/api.w.org\/{rel}","templated":true}]}}