{"id":197,"date":"2005-02-12T00:19:51","date_gmt":"2005-02-11T23:19:51","guid":{"rendered":"http:\/\/127.0.0.1\/wordpress2\/index.php\/archives\/2005\/02\/12\/blong-blogs-para-ongs\/"},"modified":"2005-02-12T01:04:11","modified_gmt":"2005-02-12T00:04:11","slug":"blong-blogs-para-ongs","status":"publish","type":"post","link":"http:\/\/aula21.net\/aulablog21\/archives\/2005\/02\/12\/blong-blogs-para-ongs\/","title":{"rendered":"BLONG &#8211; blogs para ongs"},"content":{"rendered":"<p>Me ha encantado\u00a0<a href=\"http:\/\/blogia.com\/matrimonio\/index.php\">BLONG &#8211; blogs para ongs<\/a>, se trata de un blog\u00a0de apoyo a una serie de\u00a0Talleres sobre comunicaci\u00f3n para ONGs y weblogs\u00a0\u00a0dirigido a miembros de distintas ONGs\u00a0\u00a0en los que aprender\u00e1n\u00a0c\u00f3mo hacerse f\u00e1cilmente un blog y mejorar su comunicaci\u00f3n. En esto talleres aprender\u00e1n a crear su blog con el conocido\u00a0sistema gratuito <strong><font color=\"#000000\"><a href=\"http:\/\/www.blogia.com\/\">Blogia<\/a><\/font><\/strong> . Est\u00e1 todo perfectamente explicado, un curso complet\u00edsimo de c\u00f3mo elaborar tu blog en Blogia pasito a pasito con capturas de pantalla explic\u00e1ndote absolutamente todo.<\/p>\n<p>Un perfecto manual que nos puede servir para ilustrar a nuestros alumnos como elaborar su blog a la vez que les damos a conocer el mundo de este tipo de organizaciones tan importantes en nuestra sociedad.<\/p>\n<p class=\"bienvenida\">El pasado\u00a08 de febrero se celebr\u00f3 el primero de\u00a0estos talleres\u00a0en Ja\u00e9n. Aqu\u00ed ten\u00e9is las direcciones de algunos de los cuadernos creados:<\/p>\n<p class=\"bienvenida\">&#8211; <a href=\"http:\/\/dosa-jaen.blogia.com\/\"><strong><font color=\"#000000\">DO.SA Ja\u00e9n<\/font><\/strong><\/a><br \/>&#8211; <a href=\"http:\/\/caminosierramorena.blogia.com\/\"><strong><font color=\"#000000\">Camino Sierra Morena<\/font><\/strong><\/a><br \/>&#8211; <a href=\"http:\/\/aprosoja.blogia.com\/\"><strong><font color=\"#000000\">Aprosoja<\/font><\/strong><\/a><br \/>&#8211; <a href=\"http:\/\/aeccjaen.blogia.com\/\"><strong><font color=\"#000000\">AECC Ja\u00e9n<\/font><\/strong><\/a><br \/>&#8211; <a href=\"http:\/\/www.centrodediajaen.blogia.com\/\"><strong><font color=\"#000000\">Centro de D\u00eda Ja\u00e9n<\/font><\/strong><\/a><\/p>\n<p class=\"bienvenida\">Enhorabuena y muchas gracias por su did\u00e1ctica y buen quehacer\u00a0a su responsable la periodista\u00a0Olga Fern\u00e1ndez Berrios (esta chica promete)\u00a0, me ser\u00e1 de mucha utilidad con mis alumnos.<\/p>\n<p class=\"bienvenida\">En el <a href=\"http:\/\/www.labroma.tk\/\">blog personal de Olga<\/a>, que he de vistar m\u00e1s detenidamente, pod\u00e9is\u00a0<a href=\"http:\/\/orugachan.blogspot.com\/2005\/02\/entrevista-en-ideal-jan.html\"> leer la entrevista<\/a>\u00a0aparecida en la <a href=\"http:\/\/www.ideal.es\/jaen\/edicion\/portada.html\">edici\u00f3n jiennense de Ideal<\/a>\u00a0que\u00a0le hicieron\u00a0 a prop\u00f3sito <a href=\"http:\/\/www.blong.tk\/\">del taller.<\/a><\/p>\n<p>Cada dia me gusta mas internet, \u00a1la de gente interesante que conoce uno sin salir de casa! <\/p>\n","protected":false},"excerpt":{"rendered":"<p>Me ha encantado\u00a0BLONG &#8211; blogs para ongs, se trata de un blog\u00a0de apoyo a una serie de\u00a0Talleres sobre comunicaci\u00f3n para ONGs y weblogs\u00a0\u00a0dirigido a miembros de distintas ONGs\u00a0\u00a0en los que aprender\u00e1n\u00a0c\u00f3mo hacerse f\u00e1cilmente un blog y mejorar su comunicaci\u00f3n. En esto talleres aprender\u00e1n a crear su blog con el conocido\u00a0sistema gratuito Blogia . Est\u00e1 todo [&hellip;]<\/p>\n","protected":false},"author":1,"featured_media":0,"comment_status":"open","ping_status":"open","sticky":false,"template":"","format":"standard","meta":{"footnotes":""},"categories":[2],"tags":[],"class_list":["post-197","post","type-post","status-publish","format-standard","hentry","category-weblogs_en_el_aula"],"_links":{"self":[{"href":"http:\/\/aula21.net\/aulablog21\/wp-json\/wp\/v2\/posts\/197","targetHints":{"allow":["GET"]}}],"collection":[{"href":"http:\/\/aula21.net\/aulablog21\/wp-json\/wp\/v2\/posts"}],"about":[{"href":"http:\/\/aula21.net\/aulablog21\/wp-json\/wp\/v2\/types\/post"}],"author":[{"embeddable":true,"href":"http:\/\/aula21.net\/aulablog21\/wp-json\/wp\/v2\/users\/1"}],"replies":[{"embeddable":true,"href":"http:\/\/aula21.net\/aulablog21\/wp-json\/wp\/v2\/comments?post=197"}],"version-history":[{"count":0,"href":"http:\/\/aula21.net\/aulablog21\/wp-json\/wp\/v2\/posts\/197\/revisions"}],"wp:attachment":[{"href":"http:\/\/aula21.net\/aulablog21\/wp-json\/wp\/v2\/media?parent=197"}],"wp:term":[{"taxonomy":"category","embeddable":true,"href":"http:\/\/aula21.net\/aulablog21\/wp-json\/wp\/v2\/categories?post=197"},{"taxonomy":"post_tag","embeddable":true,"href":"http:\/\/aula21.net\/aulablog21\/wp-json\/wp\/v2\/tags?post=197"}],"curies":[{"name":"wp","href":"https:\/\/api.w.org\/{rel}","templated":true}]}}