{"id":1974,"date":"2009-02-07T12:53:56","date_gmt":"2009-02-07T11:53:56","guid":{"rendered":"http:\/\/aula21.net\/aulablog21\/?p=1974"},"modified":"2009-02-07T20:10:49","modified_gmt":"2009-02-07T19:10:49","slug":"latin-como-lengua-oficial-del-estado","status":"publish","type":"post","link":"http:\/\/aula21.net\/aulablog21\/archives\/2009\/02\/07\/latin-como-lengua-oficial-del-estado\/","title":{"rendered":"Lat\u00edn como lengua oficial del estado"},"content":{"rendered":"<p>Podemos acabar con muchas pol\u00e9micas si seguimos las ideas de Cabanillas e implantamos c\u00f3mo \u00fanica lengua oficial de toda la Uni\u00f3n Europea el Lat\u00edn. Con ayuda de Chir\u00f3n <a href=\"http:\/\/extremaduraclasica.com\/bitacora\/2009\/02\/02\/de-chirone-condito\/\">que cumple 1 a\u00f1o<\/a> y un curso en v\u00eddeo que me he comprado pienso ponerme al d\u00eda.<br \/>\n<object classid=\"clsid:d27cdb6e-ae6d-11cf-96b8-444553540000\" width=\"425\" height=\"344\" codebase=\"http:\/\/download.macromedia.com\/pub\/shockwave\/cabs\/flash\/swflash.cab#version=6,0,40,0\"><param name=\"allowFullScreen\" value=\"true\" \/><param name=\"allowscriptaccess\" value=\"always\" \/><param name=\"src\" value=\"http:\/\/www.youtube.com\/v\/OFvtVPLVOPg&amp;hl=es&amp;fs=1\" \/><embed type=\"application\/x-shockwave-flash\" width=\"425\" height=\"344\" src=\"http:\/\/www.youtube.com\/v\/OFvtVPLVOPg&amp;hl=es&amp;fs=1\" allowscriptaccess=\"always\" allowfullscreen=\"true\"><\/embed><\/object><\/p>\n","protected":false},"excerpt":{"rendered":"<p>Podemos acabar con muchas pol\u00e9micas si seguimos las ideas de Cabanillas e implantamos c\u00f3mo \u00fanica lengua oficial de toda la Uni\u00f3n Europea el Lat\u00edn. Con ayuda de Chir\u00f3n que cumple 1 a\u00f1o y un curso en v\u00eddeo que me he comprado pienso ponerme al d\u00eda.<\/p>\n","protected":false},"author":1,"featured_media":0,"comment_status":"open","ping_status":"open","sticky":false,"template":"","format":"standard","meta":{"footnotes":""},"categories":[19,20],"tags":[],"class_list":["post-1974","post","type-post","status-publish","format-standard","hentry","category-educacion","category-video"],"_links":{"self":[{"href":"http:\/\/aula21.net\/aulablog21\/wp-json\/wp\/v2\/posts\/1974","targetHints":{"allow":["GET"]}}],"collection":[{"href":"http:\/\/aula21.net\/aulablog21\/wp-json\/wp\/v2\/posts"}],"about":[{"href":"http:\/\/aula21.net\/aulablog21\/wp-json\/wp\/v2\/types\/post"}],"author":[{"embeddable":true,"href":"http:\/\/aula21.net\/aulablog21\/wp-json\/wp\/v2\/users\/1"}],"replies":[{"embeddable":true,"href":"http:\/\/aula21.net\/aulablog21\/wp-json\/wp\/v2\/comments?post=1974"}],"version-history":[{"count":0,"href":"http:\/\/aula21.net\/aulablog21\/wp-json\/wp\/v2\/posts\/1974\/revisions"}],"wp:attachment":[{"href":"http:\/\/aula21.net\/aulablog21\/wp-json\/wp\/v2\/media?parent=1974"}],"wp:term":[{"taxonomy":"category","embeddable":true,"href":"http:\/\/aula21.net\/aulablog21\/wp-json\/wp\/v2\/categories?post=1974"},{"taxonomy":"post_tag","embeddable":true,"href":"http:\/\/aula21.net\/aulablog21\/wp-json\/wp\/v2\/tags?post=1974"}],"curies":[{"name":"wp","href":"https:\/\/api.w.org\/{rel}","templated":true}]}}