{"id":1979,"date":"2009-02-14T11:48:02","date_gmt":"2009-02-14T10:48:02","guid":{"rendered":"http:\/\/aula21.net\/aulablog21\/?p=1979"},"modified":"2009-02-14T13:26:21","modified_gmt":"2009-02-14T12:26:21","slug":"erre-que-erre","status":"publish","type":"post","link":"http:\/\/aula21.net\/aulablog21\/archives\/2009\/02\/14\/erre-que-erre\/","title":{"rendered":"Erre que erre"},"content":{"rendered":"<p>El gobierno Extreme\u00f1o sigue empe\u00f1ado en que los tradiciones ex\u00e1menes de septiembre se celebren en Junio cinco dias despu\u00e9s de haber recibido las notas finales los alumnos.<br \/>\nYa son \u00fanicamente cuatro las autonom\u00edas que no celebran las pruebas de septiembre en Secundaria, somos muchos los docentes que pensamos que fue un error eliminarlas.<br \/>\n<a href=\"http:\/\/www.hoy.es\/20090212\/local\/asamblea-rechaza-trasladar-pruebas-200902121744.html\">Ayer la Asamblea rechaz\u00f3 la propuesta del PP <\/a> de que tengan lugar los cinco primeros d\u00edas de septiembre.<br \/>\nEn nuestra regi\u00f3n la tasa de abandono escolar es de un 35 por ciento y s\u00f3lo la mitad de los alumnos de 15 a\u00f1os estudia el curso que le corresponde, creo que de celebrarse las pruebas de nuevo en septiembre se reducir\u00eda el n\u00famero de alumnos que repiten curso.<br \/>\nTodos los a\u00f1os me llevo el disgusto de ver como alumnos majos tiene que repetir curso por tener tres materias suspensas, mucho de estos alumnos si tuvieran otra opotunidad en septiembre pasar\u00edan de curso sobradamente.<br \/>\nLo que me parece demag\u00f3gico y trasnochado es la justificaci\u00f3n que aporta un diputado del PSOE Extremadura, seg\u00fan G\u00f3mez Yuste, al convocarse los ex\u00e1menes en junio se garantiza tambi\u00e9n la igualdad de oportunidades, ya que se evita la discriminaci\u00f3n de las familias que no pueden costear clases particulares a sus hijos y de los alumnos que residen en n\u00facleos rurales.<br \/>\nLa educaci\u00f3n no se mejora igualando a todos por lo bajo yo le  sugiero al se\u00f1or diputado que establezca unas becas veraniegas para aquellos alumnos suspensos que no puedan costearse dichas clases o que contrate a licenciados en paro para impartirlas en lugar de gastarse el dinero en otras chorradas.<\/p>\n<p>En Bachillerato y en Formaci\u00f3n profesional hay ex\u00e1menes de septiembre \u00bfeso no vulnera la igualdad de oportunidades se\u00f1or diputado ?<\/p>\n<p>Lo que hay que hacer es fomentar el esfuerzo, muchos chavales con su libro e inter\u00e9s ser\u00edan capaces solitos de recuperar asignaturas en septiembre sobradamente y no necesitan de diputados que los \u00abprotejan\u00bb. Otra opci\u00f3n es crear una plataforma educativa Moodle para los alumnos de n\u00facleos rurales y proporcionarles el acceso a internet, un netbook\u00a0 y un tutor virtual gratuitamente, eso s\u00ed que ser\u00eda acabar con desigualdades, soluciones hay muchas antes de poner trabas con pobres argumentos sin imaginaci\u00f3n alguna.<br \/>\n<img loading=\"lazy\" decoding=\"async\" src=\"http:\/\/firgoa.usc.es\/drupal\/files\/images\/Mafalda-Democracia_5.gif\" alt=\"mafalda\" width=\"504\" height=\"202\" \/><\/p>\n<p>Una \u00faltima idea, el ordenador ser\u00eda prestado durante el verano pero aquellos alumnos que lograran recuperar se lo quedar\u00edan de regalo, tambi\u00e9n hay que motivar a los chicos no todo va a ser esfuerzo&#8230;<\/p>\n","protected":false},"excerpt":{"rendered":"<p>El gobierno Extreme\u00f1o sigue empe\u00f1ado en que los tradiciones ex\u00e1menes de septiembre se celebren en Junio cinco dias despu\u00e9s de haber recibido las notas finales los alumnos. Ya son \u00fanicamente cuatro las autonom\u00edas que no celebran las pruebas de septiembre en Secundaria, somos muchos los docentes que pensamos que fue un error eliminarlas. Ayer la [&hellip;]<\/p>\n","protected":false},"author":1,"featured_media":0,"comment_status":"open","ping_status":"open","sticky":false,"template":"","format":"standard","meta":{"footnotes":""},"categories":[17,19,7,23],"tags":[],"class_list":["post-1979","post","type-post","status-publish","format-standard","hentry","category-articulos","category-educacion","category-personal","category-sociedad"],"_links":{"self":[{"href":"http:\/\/aula21.net\/aulablog21\/wp-json\/wp\/v2\/posts\/1979","targetHints":{"allow":["GET"]}}],"collection":[{"href":"http:\/\/aula21.net\/aulablog21\/wp-json\/wp\/v2\/posts"}],"about":[{"href":"http:\/\/aula21.net\/aulablog21\/wp-json\/wp\/v2\/types\/post"}],"author":[{"embeddable":true,"href":"http:\/\/aula21.net\/aulablog21\/wp-json\/wp\/v2\/users\/1"}],"replies":[{"embeddable":true,"href":"http:\/\/aula21.net\/aulablog21\/wp-json\/wp\/v2\/comments?post=1979"}],"version-history":[{"count":0,"href":"http:\/\/aula21.net\/aulablog21\/wp-json\/wp\/v2\/posts\/1979\/revisions"}],"wp:attachment":[{"href":"http:\/\/aula21.net\/aulablog21\/wp-json\/wp\/v2\/media?parent=1979"}],"wp:term":[{"taxonomy":"category","embeddable":true,"href":"http:\/\/aula21.net\/aulablog21\/wp-json\/wp\/v2\/categories?post=1979"},{"taxonomy":"post_tag","embeddable":true,"href":"http:\/\/aula21.net\/aulablog21\/wp-json\/wp\/v2\/tags?post=1979"}],"curies":[{"name":"wp","href":"https:\/\/api.w.org\/{rel}","templated":true}]}}