{"id":1985,"date":"2009-02-16T20:33:42","date_gmt":"2009-02-16T19:33:42","guid":{"rendered":"http:\/\/aula21.net\/aulablog21\/?p=1985"},"modified":"2009-02-16T21:04:23","modified_gmt":"2009-02-16T20:04:23","slug":"la-reforma-educativa-vista-por-una-madre","status":"publish","type":"post","link":"http:\/\/aula21.net\/aulablog21\/archives\/2009\/02\/16\/la-reforma-educativa-vista-por-una-madre\/","title":{"rendered":"La reforma educativa vista por una madre"},"content":{"rendered":"<p>Nadie mejor que una madre para expresar algunos de los inconvenientes que trajo la reforma educativa que comenz\u00f3 cuando gobernaba Felipe Gonz\u00e1lez. Hay gente que pretende exculpar a la clase pol\u00edtica y echa la culpa a la \u00absociedad\u00bb pero desde aqui denuncio una vez m\u00e1s que los principales responsables del desastre educativo espa\u00f1ol son los pol\u00edticos a trav\u00e9s de las nefastas leyes que han aprobado.<br \/>\n<a href=\"http:\/\/www.elperiodicoextremadura.com\/noticias\/noticia.asp?pkid=427247\">Esta carta<\/a> ha aparecido hoy publicada en el Peri\u00f3dico Extremadura.<\/p>\n<blockquote><p>Un chico acaba su escolaridad obligatoria este curso. Lee libros desde bien peque\u00f1o y diarios cada d\u00eda desde los 10 a\u00f1os. Escribe a gran velocidad con el teclado, utiliza los programas m\u00e1s habituales (y algunos no tanto) de ordenador y es capaz de buscar y encontrar todo tipo de informaci\u00f3n por internet. Est\u00e1 bien socializado, tiene inquietudes pol\u00edticas, est\u00e1 informado sobre la actualidad y tiene conocimientos de la historia m\u00e1s reciente. No sabe organizarse y no es buen estudiante. Con 16 a\u00f1os acabar\u00e1 los estudios con el mismo t\u00edtulo que un analfabeto: ninguno. No podr\u00e1 ir a Formaci\u00f3n Profesional (FP), y no est\u00e1 claro d\u00f3nde puede comenzar a buscar trabajo. Se ha pasado la primaria \u00abprogresando adecuadamente\u00bb y la secundaria dentro de aquel grupo numeroso de los que \u00absi \u00e9l quisiera, pero como no quiere&#8230;\u00bb. Mirando atr\u00e1s, los que acababan EGB, con 14 a\u00f1os ten\u00edan la opci\u00f3n de ir a FP. Haciendo memoria, la mayor\u00eda de mis compa\u00f1eros han salido adelante bastante bien. Mirando atr\u00e1s, ahora querr\u00eda la EGB para mi hijo.<\/p>\n<p>Silvia Garc\u00eda Guerrero **<\/p><\/blockquote>\n<p>Esto ocurre porque muchos \u00abdem\u00f3cratas\u00bb pretenden ser salvadores de la patria y en lugar de ofrecer distintas opciones educativas a los 14 a\u00f1os obligan a todo el mundo a estudiar lo mismo, crey\u00e9ndose que de ese modo son muy justos y equitativos.<\/p>\n","protected":false},"excerpt":{"rendered":"<p>Nadie mejor que una madre para expresar algunos de los inconvenientes que trajo la reforma educativa que comenz\u00f3 cuando gobernaba Felipe Gonz\u00e1lez. Hay gente que pretende exculpar a la clase pol\u00edtica y echa la culpa a la \u00absociedad\u00bb pero desde aqui denuncio una vez m\u00e1s que los principales responsables del desastre educativo espa\u00f1ol son los [&hellip;]<\/p>\n","protected":false},"author":1,"featured_media":0,"comment_status":"open","ping_status":"open","sticky":false,"template":"","format":"standard","meta":{"footnotes":""},"categories":[17,19],"tags":[],"class_list":["post-1985","post","type-post","status-publish","format-standard","hentry","category-articulos","category-educacion"],"_links":{"self":[{"href":"http:\/\/aula21.net\/aulablog21\/wp-json\/wp\/v2\/posts\/1985","targetHints":{"allow":["GET"]}}],"collection":[{"href":"http:\/\/aula21.net\/aulablog21\/wp-json\/wp\/v2\/posts"}],"about":[{"href":"http:\/\/aula21.net\/aulablog21\/wp-json\/wp\/v2\/types\/post"}],"author":[{"embeddable":true,"href":"http:\/\/aula21.net\/aulablog21\/wp-json\/wp\/v2\/users\/1"}],"replies":[{"embeddable":true,"href":"http:\/\/aula21.net\/aulablog21\/wp-json\/wp\/v2\/comments?post=1985"}],"version-history":[{"count":0,"href":"http:\/\/aula21.net\/aulablog21\/wp-json\/wp\/v2\/posts\/1985\/revisions"}],"wp:attachment":[{"href":"http:\/\/aula21.net\/aulablog21\/wp-json\/wp\/v2\/media?parent=1985"}],"wp:term":[{"taxonomy":"category","embeddable":true,"href":"http:\/\/aula21.net\/aulablog21\/wp-json\/wp\/v2\/categories?post=1985"},{"taxonomy":"post_tag","embeddable":true,"href":"http:\/\/aula21.net\/aulablog21\/wp-json\/wp\/v2\/tags?post=1985"}],"curies":[{"name":"wp","href":"https:\/\/api.w.org\/{rel}","templated":true}]}}