{"id":199,"date":"2005-02-15T20:37:31","date_gmt":"2005-02-15T19:37:31","guid":{"rendered":"http:\/\/127.0.0.1\/wordpress2\/index.php\/archives\/2005\/02\/15\/articulos-edublogs\/"},"modified":"2005-02-15T20:59:55","modified_gmt":"2005-02-15T19:59:55","slug":"articulos-edublogs","status":"publish","type":"post","link":"http:\/\/aula21.net\/aulablog21\/archives\/2005\/02\/15\/articulos-edublogs\/","title":{"rendered":"Art\u00edculos  Edublogs"},"content":{"rendered":"<p>Hoy podemos leer dos estupendos art\u00edculos relacionados con el uso de los weblogs en el \u00e1mbito educativo:<\/p>\n<ul>\n<li><a href=\"http:\/\/www.bitacoras.org\/bit.php?id=116_0_1_0_C\">Weblogs y Educaci\u00f3n<\/a>: definici\u00f3n, antecedentes, usos, modelos de an\u00e1lisis, experiencias, etc. de Tiscar Lara periodista y\u00a0profesora de \u00a0la Universidad Carlos III de Madrid universitaria que\u00a0compagina su trabajo como profesora con la investigaci\u00f3n de su tesis doctoral sobre weblogs. C\u00f3mo podemos leer en <a href=\"http:\/\/www.tiscar.com\/\">su blog<\/a> el art\u00edculo est\u00e1 dirigido principalmente a profesores que se quieran iniciar en el formato weblog y necesiten de cierta informaci\u00f3n de contexto .Se trata de su primera aportaci\u00f3n en <a href=\"http:\/\/www.bitacoras.org\/\">Bitacoras.org<\/a>. En\u00a0\u00e9l tengo la satisfacci\u00f3n de leer <em>&quot;fuera de la universidad, han sido profesores de ense\u00f1anzas medias fundamentalmente quienes se han sumado a la introducci\u00f3n de los weblogs para tratar temas de clase y favorecer el debate en el aula. En este grupo destaca la publicaci\u00f3n del blog <\/em><a href=\"http:\/\/2dmanjon.blogia.com\/\" target=\"_blank\"><em>http:\/\/2dmanjon.blogia.com\/<\/em><\/a><em>, que obtuvo una menci\u00f3n especial como Mejor Blog Revelaci\u00f3n del 2004, y el de Aulablog21 de otro profesor de secundaria en <\/em><a href=\"\/aulablog21\/\" target=\"_blank\"><em>http:\/\/www.aula21.net\/aulablog21\/<\/em><\/a><em>. <\/em><\/li>\n<li><a href=\"http:\/\/weblog.educ.ar\/educacion-tics\/archives\/003525.php\">Weblogs en la Universidad<\/a> del profesor \u00a0<a href=\"http:\/\/ecuaderno.com\/\" target=\"_blank\">Jose Luis Orihuela<\/a>\u00a0. Asimismo <a href=\"http:\/\/blogia.com\/jlori\/\">en su blog de apoyo docente<\/a>\u00a0 publica <a href=\"http:\/\/blogia.com\/jlori\/index.php?idarticulo=200502151\">Weblogs de Trabajo de Escritura No Lineal 2004\/05: Gu\u00eda del alumno<\/a>.<\/li>\n<\/ul>\n","protected":false},"excerpt":{"rendered":"<p>Hoy podemos leer dos estupendos art\u00edculos relacionados con el uso de los weblogs en el \u00e1mbito educativo: Weblogs y Educaci\u00f3n: definici\u00f3n, antecedentes, usos, modelos de an\u00e1lisis, experiencias, etc. de Tiscar Lara periodista y\u00a0profesora de \u00a0la Universidad Carlos III de Madrid universitaria que\u00a0compagina su trabajo como profesora con la investigaci\u00f3n de su tesis doctoral sobre weblogs. [&hellip;]<\/p>\n","protected":false},"author":1,"featured_media":0,"comment_status":"open","ping_status":"open","sticky":false,"template":"","format":"standard","meta":{"footnotes":""},"categories":[2],"tags":[],"class_list":["post-199","post","type-post","status-publish","format-standard","hentry","category-weblogs_en_el_aula"],"_links":{"self":[{"href":"http:\/\/aula21.net\/aulablog21\/wp-json\/wp\/v2\/posts\/199","targetHints":{"allow":["GET"]}}],"collection":[{"href":"http:\/\/aula21.net\/aulablog21\/wp-json\/wp\/v2\/posts"}],"about":[{"href":"http:\/\/aula21.net\/aulablog21\/wp-json\/wp\/v2\/types\/post"}],"author":[{"embeddable":true,"href":"http:\/\/aula21.net\/aulablog21\/wp-json\/wp\/v2\/users\/1"}],"replies":[{"embeddable":true,"href":"http:\/\/aula21.net\/aulablog21\/wp-json\/wp\/v2\/comments?post=199"}],"version-history":[{"count":0,"href":"http:\/\/aula21.net\/aulablog21\/wp-json\/wp\/v2\/posts\/199\/revisions"}],"wp:attachment":[{"href":"http:\/\/aula21.net\/aulablog21\/wp-json\/wp\/v2\/media?parent=199"}],"wp:term":[{"taxonomy":"category","embeddable":true,"href":"http:\/\/aula21.net\/aulablog21\/wp-json\/wp\/v2\/categories?post=199"},{"taxonomy":"post_tag","embeddable":true,"href":"http:\/\/aula21.net\/aulablog21\/wp-json\/wp\/v2\/tags?post=199"}],"curies":[{"name":"wp","href":"https:\/\/api.w.org\/{rel}","templated":true}]}}