{"id":1999,"date":"2009-02-26T19:00:53","date_gmt":"2009-02-26T18:00:53","guid":{"rendered":"http:\/\/aula21.net\/aulablog21\/?p=1999"},"modified":"2009-02-26T19:21:01","modified_gmt":"2009-02-26T18:21:01","slug":"exprime-y-comprime-09-el-valor-de-un-cuento","status":"publish","type":"post","link":"http:\/\/aula21.net\/aulablog21\/archives\/2009\/02\/26\/exprime-y-comprime-09-el-valor-de-un-cuento\/","title":{"rendered":"Exprime y comprime 09: el valor de un cuento"},"content":{"rendered":"<p align=\"justify\"><a href=\"http:\/\/www.obrasocialcajamadrid.es\/\" target=\"_blank\"><span style=\"font-family: Century Gothic; color: #0000ff; font-size: small;\"><span style=\"text-decoration: underline;\">Obra  Social de Caja Madrid<\/span><\/span><\/a><span style=\"font-family: Century Gothic; font-size: small;\"> y <\/span><a href=\"http:\/\/www.fad.es\/\" target=\"_blank\"><span style=\"font-family: Century Gothic; color: #0000ff; font-size: small;\"><span style=\"text-decoration: underline;\">Fundaci\u00f3n  de Ayuda contra la Drogadicci\u00f3n<\/span><\/span><\/a><span style=\"font-family: Century Gothic; font-size: small;\"> (FAD), convocan la primera edici\u00f3n del premio \u201c<strong>Exprime y Comprime,  El valor de un cuento<\/strong>\u201d, dentro del \u00e1mbito de la educaci\u00f3n en  valores y con el fin de fomentar la lectura en la etapa escolar. El  certamen se viene desarrollando desde el curso 2003\/04 en diferentes  modalidades. En este a\u00f1o 2009, se realiza por primera vez dentro del  marco del proyecto \u201cEl valor de un cuento\u201d, en colaboraci\u00f3n con  FAD. <\/span><\/p>\n<p align=\"justify\"><span style=\"font-family: Century Gothic; font-size: small;\">Pueden participar  alumnos de Educaci\u00f3n Primaria y Secundaria de centros educativos de  toda Espa\u00f1a, as\u00ed como profesores, educadores u otro perfil profesional  relacionado con la educaci\u00f3n de ni\u00f1os y adolescentes de toda Espa\u00f1a.<\/span><\/p>\n<p align=\"justify\"><span style=\"font-family: Century Gothic; font-size: small;\">Los premios  van desde microordenadores port\u00e1tiles a c\u00e1maras digitales de alta  gama, pasando por reproductores MP3&#8230;<\/span><\/p>\n<p align=\"justify\"><span style=\"font-family: Century Gothic; font-size: small;\">Bases del certamen  para descargar en PDF <\/span><a href=\"http:\/\/www.obrasocialcajamadrid.es\/Ficheros\/CMA\/ficheros\/OSEduca_BasesExprime09.PDF\" target=\"_blank\"><span style=\"font-family: Century Gothic; color: #0000ff; font-size: small;\"><span style=\"text-decoration: underline;\">aqu\u00ed<\/span><\/span><\/a><span style=\"font-family: Century Gothic; font-size: small;\">.<\/span><\/p>\n<p align=\"justify\"><span style=\"font-family: Century Gothic; font-size: small;\">Formularios  de participaci\u00f3n: <\/span><\/p>\n<p align=\"justify\"><a href=\"https:\/\/www.obrasocialcajamadrid.es\/ObraSocial\/os_cruce\/0,0,70094_0_0_0,00.html\" target=\"_blank\"><span style=\"font-family: Century Gothic; color: #0000ff; font-size: small;\"><span style=\"text-decoration: underline;\">Relatos<\/span><\/span><\/a><\/p>\n<p align=\"justify\"><a href=\"https:\/\/www.obrasocialcajamadrid.es\/ObraSocial\/os_cruce\/0,0,70160_0_0_0,00.html\" target=\"_blank\"><span style=\"font-family: Century Gothic; color: #0000ff; font-size: small;\"><span style=\"text-decoration: underline;\">C\u00f3mic<\/span><\/span><\/a><\/p>\n<p align=\"justify\"><a href=\"http:\/\/www.elvalordeuncuento.es\/LibrosYGuias?id_nodo=164&amp;accion=0&amp;&amp;keyword=&amp;auditoria=F\"><span style=\"font-family: Century Gothic; color: #0000ff; font-size: small;\"><span style=\"text-decoration: underline;\">Gu\u00edas  de lectura para profesores<\/span><\/span><\/a><span style=\"font-family: Century Gothic; font-size: small;\"> <\/span><\/p>\n<p align=\"justify\"><a href=\"http:\/\/www.obrasocialcajamadrid.es\/\" target=\"_blank\"><span style=\"font-family: Century Gothic; color: #0000ff; font-size: small;\"><span style=\"text-decoration: underline;\">www.obrasocialcajamadrid.es<\/span><\/span><\/a><\/p>\n<p align=\"justify\">La lectura no cabe duda que es la llave que abre la puerta del conocimiento tanto en los medios digitales como en los tradicionales, por tanto son de agradecer todas aquelas iniciativas que fomenten la lectura en el aula.<\/p>\n","protected":false},"excerpt":{"rendered":"<p>Obra Social de Caja Madrid y Fundaci\u00f3n de Ayuda contra la Drogadicci\u00f3n (FAD), convocan la primera edici\u00f3n del premio \u201cExprime y Comprime, El valor de un cuento\u201d, dentro del \u00e1mbito de la educaci\u00f3n en valores y con el fin de fomentar la lectura en la etapa escolar. El certamen se viene desarrollando desde el curso [&hellip;]<\/p>\n","protected":false},"author":1,"featured_media":0,"comment_status":"open","ping_status":"open","sticky":false,"template":"","format":"standard","meta":{"footnotes":""},"categories":[8],"tags":[],"class_list":["post-1999","post","type-post","status-publish","format-standard","hentry","category-educacion_e_internet"],"_links":{"self":[{"href":"http:\/\/aula21.net\/aulablog21\/wp-json\/wp\/v2\/posts\/1999","targetHints":{"allow":["GET"]}}],"collection":[{"href":"http:\/\/aula21.net\/aulablog21\/wp-json\/wp\/v2\/posts"}],"about":[{"href":"http:\/\/aula21.net\/aulablog21\/wp-json\/wp\/v2\/types\/post"}],"author":[{"embeddable":true,"href":"http:\/\/aula21.net\/aulablog21\/wp-json\/wp\/v2\/users\/1"}],"replies":[{"embeddable":true,"href":"http:\/\/aula21.net\/aulablog21\/wp-json\/wp\/v2\/comments?post=1999"}],"version-history":[{"count":0,"href":"http:\/\/aula21.net\/aulablog21\/wp-json\/wp\/v2\/posts\/1999\/revisions"}],"wp:attachment":[{"href":"http:\/\/aula21.net\/aulablog21\/wp-json\/wp\/v2\/media?parent=1999"}],"wp:term":[{"taxonomy":"category","embeddable":true,"href":"http:\/\/aula21.net\/aulablog21\/wp-json\/wp\/v2\/categories?post=1999"},{"taxonomy":"post_tag","embeddable":true,"href":"http:\/\/aula21.net\/aulablog21\/wp-json\/wp\/v2\/tags?post=1999"}],"curies":[{"name":"wp","href":"https:\/\/api.w.org\/{rel}","templated":true}]}}