{"id":200,"date":"2005-02-18T18:45:51","date_gmt":"2005-02-18T17:45:51","guid":{"rendered":"http:\/\/127.0.0.1\/wordpress2\/index.php\/archives\/2005\/02\/18\/curso-en-huelva\/"},"modified":"2005-02-21T21:54:22","modified_gmt":"2005-02-21T20:54:22","slug":"curso-en-huelva","status":"publish","type":"post","link":"http:\/\/aula21.net\/aulablog21\/archives\/2005\/02\/18\/curso-en-huelva\/","title":{"rendered":"Curso en Huelva y premio a Lourdes"},"content":{"rendered":"<p><img loading=\"lazy\" decoding=\"async\" height=\"225\" alt=\"pacoylourdes.jpg\" hspace=\"2\" src=\"\/aulablog21\/subidas\/pacoylourdes.jpg\" width=\"300\" align=\"left\" vspace=\"4\" border=\"0\" \/>Esta semana ha sido movidita, empez\u00f3 mal pues se me estrope\u00f3 el Pc que uso habitualmente, hoy fu\u00ed a recogerlo y me lo han arreglado pero como ya est\u00e1 un poco viejo me he comprado un portatil Compaq\u00a0que me entregar\u00e1n el martes.<\/p>\n<p>El mi\u00e9rcoles y el jueves estuve en el <a href=\"http:\/\/www.juntadeandalucia.es\/averroes\/ies_rabida\/\">IES La R\u00e1bida de Huelva<\/a>\u00a0impartiendo un curso de <a href=\"\/cazas\/index.htm\">Cazas de Tesoros<\/a> y <a href=\"\/tallerwq\/index.htm\">Webquests<\/a>\u00a0organizado por el CPR de <a href=\"http:\/\/www.juntadeandalucia.es\/averroes\/~cephu1\/\">Huelva-Isla Cristina<\/a>\u00a0donde como siempre me trataron de maravilla especialmente mis amigas Maite ( asesora del CPR y encargada de organizar el curso), Alicia ( profesora de ingl\u00e9s) y la famosa \u00a0<a href=\"http:\/\/www.arrakis.es\/~lluengo\/\">Lourdes Luengo<\/a>, una de las primeras profesoras que en nuestro pa\u00eds\u00a0puso a disposici\u00f3n de profes y alumnos una maravillosa p\u00e1gina web de Biolog\u00eda. Da gusto ver el entusiasmo que tienen por todo lo relacionado con el uso de la tecnolog\u00eda digital en el aula.<\/p>\n<p>Alicia est\u00e1 preparando una maravillosa Webquest acerca del Quijote que esperemos ver pronto publicada, es de las de &quot;alto nivel&quot; , como dice Bernie Dodge, o sea una pasada&#8230;<img loading=\"lazy\" decoding=\"async\" height=\"267\" alt=\"pacoyalicia.jpg\" hspace=\"4\" src=\"\/aulablog21\/subidas\/pacoyalicia.jpg\" width=\"200\" align=\"right\" vspace=\"2\" border=\"0\" \/><\/p>\n<p>Para terminar poner en comunicaci\u00f3n de todos que Lourdes ha sido de nuevo premiada, esta vez <font face=\"Verdana\" size=\"2\">como <\/font><a href=\"http:\/\/www.educared.net\/ProfesoresInnovadores\/noticias\/verNoticia.asp?id=66\" target=\"_blank\">Profesora Innovadora en la primera edici\u00f3n\u00a0de los premios del <\/a><a href=\"www.profesoresinnovadores.net\">Portal Educared<\/a> .<br \/>El premio (un\u00a0Tablet PC) le ha sido concedido por su Unidad Did\u00e1ctica <a href=\"http:\/\/www.educared.net\/profesoresinnovadores\/unidades\/verUnidad.asp?id=742\" target=\"NV\">La c\u00e9lula y su funcionamiento<\/a>. Una unidad did\u00e1ctica en formato web con excelentes animaciones interactivas que ayuda a conocer la morfolog\u00eda, estructura y funci\u00f3n de la c\u00e9lula.<\/p>\n<p>Asimismo han sido premiados en esta primera edici\u00f3n del concurso:<\/p>\n<ul>\n<li><a href=\"http:\/\/www.educared.net\/profesoresinnovadores\/unidades\/verUnidad.asp?id=743\" target=\"NV\">La m\u00fasica en el cine<\/a>, elaborada por el profesor de Barcelona \u00d3scar Mat\u00edas Roca, pretende sensibilizar a los estudiantes de secundaria del importante valor que tiene la banda sonora en una pel\u00edcula, combinando sabiamente PowerPoint y archivos de sonido. <\/li>\n<li><a href=\"http:\/\/www.educared.net\/profesoresinnovadores\/unidades\/verUnidad.asp?id=703\" target=\"NV\">Sistemas de ecuaciones en primer grado<\/a>, creada por el profesor de Secundaria de Guip\u00fazcoa Goyo Lekuona. Este trabajo saca gran partido de la hoja de c\u00e1lculo Excel para que los alumnos entiendan la resoluci\u00f3n de ecuaciones de primer grado y experimenten con ellas. <\/li>\n<\/ul>\n<p>Microsoft, Fundaci\u00f3n Telef\u00f3nica e Intel, con este concurso, buscan reconocer, promover y premiar la labor del profesorado que investiga en la correcta aplicaci\u00f3n de las TIC para mejorar la did\u00e1ctica en la educaci\u00f3n.<\/p>\n<p><b>La entrega oficial<\/b> de premios tendr\u00e1 lugar el pr\u00f3ximo mi\u00e9rcoles 23 de febrero. A este acto institucional acudir\u00e1n los tres premiados, que presentar\u00e1n sus unidades did\u00e1cticas. Estar\u00e1 presidido por Rosa Garc\u00eda, consejera delegada de Microsoft Ib\u00e9rica, Francisco Serrano, subdirector general de Fundaci\u00f3n Telef\u00f3nica y Jes\u00fas Maximoff, director general de Intel Ib\u00e9rica.<\/p>\n<p>Inmediatamente, comenzar\u00e1 <b>la siguiente edici\u00f3n<\/b> de este concurso, que premiar\u00e1 nuevas unidades did\u00e1cticas que fomenten el uso de las nuevas tecnolog\u00edas de la informaci\u00f3n y la comunicaci\u00f3n en la ense\u00f1anza.<\/p>\n<p>En abril volver\u00e9 a Huelva un par de tardes m\u00e1s, cuando Lourdes me mande alguna de las fotos que nos hicimos la pondr\u00e9 en el blog.<\/p>\n<p><strong>Actualizaci\u00f3n:<\/strong> me mand\u00f3 Lourdes las fotos, la de la izquierda es Lourdes y las de la derecha Alicia.<\/p>\n","protected":false},"excerpt":{"rendered":"<p>Esta semana ha sido movidita, empez\u00f3 mal pues se me estrope\u00f3 el Pc que uso habitualmente, hoy fu\u00ed a recogerlo y me lo han arreglado pero como ya est\u00e1 un poco viejo me he comprado un portatil Compaq\u00a0que me entregar\u00e1n el martes. El mi\u00e9rcoles y el jueves estuve en el IES La R\u00e1bida de Huelva\u00a0impartiendo [&hellip;]<\/p>\n","protected":false},"author":1,"featured_media":0,"comment_status":"open","ping_status":"open","sticky":false,"template":"","format":"standard","meta":{"footnotes":""},"categories":[8,7],"tags":[],"class_list":["post-200","post","type-post","status-publish","format-standard","hentry","category-educacion_e_internet","category-personal"],"_links":{"self":[{"href":"http:\/\/aula21.net\/aulablog21\/wp-json\/wp\/v2\/posts\/200","targetHints":{"allow":["GET"]}}],"collection":[{"href":"http:\/\/aula21.net\/aulablog21\/wp-json\/wp\/v2\/posts"}],"about":[{"href":"http:\/\/aula21.net\/aulablog21\/wp-json\/wp\/v2\/types\/post"}],"author":[{"embeddable":true,"href":"http:\/\/aula21.net\/aulablog21\/wp-json\/wp\/v2\/users\/1"}],"replies":[{"embeddable":true,"href":"http:\/\/aula21.net\/aulablog21\/wp-json\/wp\/v2\/comments?post=200"}],"version-history":[{"count":0,"href":"http:\/\/aula21.net\/aulablog21\/wp-json\/wp\/v2\/posts\/200\/revisions"}],"wp:attachment":[{"href":"http:\/\/aula21.net\/aulablog21\/wp-json\/wp\/v2\/media?parent=200"}],"wp:term":[{"taxonomy":"category","embeddable":true,"href":"http:\/\/aula21.net\/aulablog21\/wp-json\/wp\/v2\/categories?post=200"},{"taxonomy":"post_tag","embeddable":true,"href":"http:\/\/aula21.net\/aulablog21\/wp-json\/wp\/v2\/tags?post=200"}],"curies":[{"name":"wp","href":"https:\/\/api.w.org\/{rel}","templated":true}]}}