{"id":2007,"date":"2009-03-07T18:47:39","date_gmt":"2009-03-07T17:47:39","guid":{"rendered":"http:\/\/aula21.net\/aulablog21\/?p=2007"},"modified":"2009-03-07T19:28:15","modified_gmt":"2009-03-07T18:28:15","slug":"declaraciones-desafortunadas","status":"publish","type":"post","link":"http:\/\/aula21.net\/aulablog21\/archives\/2009\/03\/07\/declaraciones-desafortunadas\/","title":{"rendered":"Declaraciones desafortunadas de A\u00eddo"},"content":{"rendered":"<p><strong>Declaraciones de la ministra de Igualdad<\/strong><\/p>\n<h3 class=\"defecto\"><a href=\"http:\/\/www.elmundo.es\/elmundo\/2009\/03\/06\/espana\/1236351288.html\">A\u00eddo: &#8216;Si una menor puede decidir tener hijos, puede decidir abortar&#8217;<\/a><\/h3>\n<p><strong>Declaraciones de F. Mu\u00f1oz de la Pe\u00f1a<\/strong><\/p>\n<p>Si una menor puede decidir abortar, puede elegir si quiere estudiar Educaci\u00f3n para la Ciudadan\u00eda y deber\u00eda poder elegir a los 14 a\u00f1os estudiar una ense\u00f1anza profesional distinta de la ESO que es la \u00fanica alternativa que se le ofrece e\u00a0impone actualmente.<\/p>\n<p>Una ministra florero innecesaria en un ministerio\u00a0superfluo que nos cuesta un past\u00f3n\u00a0\u00a1 con la de mujeres valiosas que hay en Espa\u00f1a !<\/p>\n<p>A\u00eddo mona una preguntita\u00a0 \u00bfsi una menor podr\u00e1 abortar sin el consentimiento de los padres si comete un delito tendr\u00e1 que ser juzgada como una de 18 a\u00f1os e ingresar en prisi\u00f3n ?<\/p>\n<p>Digo yo&#8230;..<\/p>\n","protected":false},"excerpt":{"rendered":"<p>Declaraciones de la ministra de Igualdad A\u00eddo: &#8216;Si una menor puede decidir tener hijos, puede decidir abortar&#8217; Declaraciones de F. Mu\u00f1oz de la Pe\u00f1a Si una menor puede decidir abortar, puede elegir si quiere estudiar Educaci\u00f3n para la Ciudadan\u00eda y deber\u00eda poder elegir a los 14 a\u00f1os estudiar una ense\u00f1anza profesional distinta de la ESO [&hellip;]<\/p>\n","protected":false},"author":1,"featured_media":0,"comment_status":"open","ping_status":"open","sticky":false,"template":"","format":"standard","meta":{"footnotes":""},"categories":[17,19,7,23],"tags":[],"class_list":["post-2007","post","type-post","status-publish","format-standard","hentry","category-articulos","category-educacion","category-personal","category-sociedad"],"_links":{"self":[{"href":"http:\/\/aula21.net\/aulablog21\/wp-json\/wp\/v2\/posts\/2007","targetHints":{"allow":["GET"]}}],"collection":[{"href":"http:\/\/aula21.net\/aulablog21\/wp-json\/wp\/v2\/posts"}],"about":[{"href":"http:\/\/aula21.net\/aulablog21\/wp-json\/wp\/v2\/types\/post"}],"author":[{"embeddable":true,"href":"http:\/\/aula21.net\/aulablog21\/wp-json\/wp\/v2\/users\/1"}],"replies":[{"embeddable":true,"href":"http:\/\/aula21.net\/aulablog21\/wp-json\/wp\/v2\/comments?post=2007"}],"version-history":[{"count":0,"href":"http:\/\/aula21.net\/aulablog21\/wp-json\/wp\/v2\/posts\/2007\/revisions"}],"wp:attachment":[{"href":"http:\/\/aula21.net\/aulablog21\/wp-json\/wp\/v2\/media?parent=2007"}],"wp:term":[{"taxonomy":"category","embeddable":true,"href":"http:\/\/aula21.net\/aulablog21\/wp-json\/wp\/v2\/categories?post=2007"},{"taxonomy":"post_tag","embeddable":true,"href":"http:\/\/aula21.net\/aulablog21\/wp-json\/wp\/v2\/tags?post=2007"}],"curies":[{"name":"wp","href":"https:\/\/api.w.org\/{rel}","templated":true}]}}