{"id":2024,"date":"2009-03-22T13:57:57","date_gmt":"2009-03-22T12:57:57","guid":{"rendered":"http:\/\/aula21.net\/aulablog21\/?p=2024"},"modified":"2009-03-22T15:46:17","modified_gmt":"2009-03-22T14:46:17","slug":"el-cole-de-maria-barcelo-en-canal-sur","status":"publish","type":"post","link":"http:\/\/aula21.net\/aulablog21\/archives\/2009\/03\/22\/el-cole-de-maria-barcelo-en-canal-sur\/","title":{"rendered":"El Cole de Mar\u00eda Barcel\u00f3 en Canal Sur"},"content":{"rendered":"<p>El pasado viernes se emiti\u00f3 en Canal Sur, un programa sobre \u201cRedes Sociales\u201d en el programa \u201cLos Reporteros\u201d de lo cual me inform\u00f3 mi amiga <a href=\"http:\/\/www.mariabarcelo.es\/?p=864\">Mar\u00eda Barcel\u00f3<\/a>.<\/p>\n<p>Padres y alumnos de 4\u00ba y 6\u00ba de E. Primaria del <a href=\"http:\/\/www.juntadeandalucia.es\/averroes\/menendezypelayo\/index1.htm\">Colegio Men\u00e9ndez y Pelayo <\/a><span class=\"Estilocuerpo\"><a href=\"http:\/\/www.juntadeandalucia.es\/averroes\/menendezypelayo\/index1.htm\"> de Valverde del Camino <\/a>(Huelva)<\/span> que tiene la suerte de contar con Mar\u00eda como directora cuentan lo que saben sobre seguridad en Internet, redes sociales, peligros y \u201cleyendas\u201d sobre Internet, uso y abuso de la red, etc.<\/p>\n<p>Este colegio es puntero a nivel nacional a la hora de integrar las TIC en la vida acad\u00e9mica y en la relaci\u00f3n con las familias de los alumnos.<\/p>\n<p>Podemos ver el programa fragmentado en cuatro v\u00eddeos en esta p\u00e1gina<\/p>\n<p><a href=\"http:\/\/www.canalsur.es\/html\/informativos\/Documentacion\/redessociales\/redessociales.htm\"><img loading=\"lazy\" decoding=\"async\" class=\"alignnone size-full wp-image-2025\" title=\"redes-sociales-tv\" src=\"http:\/\/aula21.net\/aulablog21\/wp-content\/uploads\/2009\/03\/redes-sociales-tv.png\" alt=\"\" width=\"500\" height=\"266\" srcset=\"http:\/\/aula21.net\/aulablog21\/wp-content\/uploads\/2009\/03\/redes-sociales-tv.png 882w, http:\/\/aula21.net\/aulablog21\/wp-content\/uploads\/2009\/03\/redes-sociales-tv-300x160.png 300w, http:\/\/aula21.net\/aulablog21\/wp-content\/uploads\/2009\/03\/redes-sociales-tv-768x409.png 768w\" sizes=\"auto, (max-width: 500px) 100vw, 500px\" \/><\/a><\/p>\n<p>En la web de Canal Sur podemos leer:<\/p>\n<blockquote><p>REDES SOCIALES: Se las conoce como Redes Sociales porque a trav\u00e9s de la red de Redes Socialesredes, de internet, permiten la relaci\u00f3n entre personas de todos los lugares y perfiles. Se calcula que en el mundo las utilizan unos 600 millones de personas. La m\u00e1s conocida, Facebook, cuenta con 175 millones de usuarios. Otras son MySpace, o Tuenti, esta \u00faltima espa\u00f1ola, que en apenas dos a\u00f1os ha conseguido congregar a unos 5 millones de visitantes. Son un fen\u00f3meno reciente, pero de gran importancia, pues en ellas se intercambian v\u00eddeos, textos o fotos, convirti\u00e9ndose en grandes foros de comunicaci\u00f3n. La queja es su falta de control, pues no se controlan esos perfiles y no hay un filtro para los usos que se haga de la informaci\u00f3n que se aporta. En cualquier caso, han alcanzado tal relevancia que ya comentan que fuera de una de ellas, no existes. Es un hecho que han abierto una brecha generacional, pues son utilizadas masivamente por gente joven, mientras que los mayores son m\u00e1s reacios a acudir a ellas.<\/p>\n<p>Enlaces de inter\u00e9s:<br \/>\n<span style=\"font-family: Helv; font-size: x-small;\"><a href=\"http:\/\/www.guadalinfo.net\/\">Guadalinfo.net<\/a><br \/>\n<a href=\"http:\/\/www.kiddia.org\/\">kiddia.org<\/a><br \/>\n<a href=\"http:\/\/www.chaval.es\/\">chaval.es<\/a><br \/>\n<a href=\"http:\/\/juntadeandalucia.es\/filtrodecontenidos\/\">juntadeandalucia.es\/filtrodecontenidos<\/a><br \/>\n<a href=\"http:\/\/www.protegeles.com\/\">protegeles.com<\/a> <\/span><\/p><\/blockquote>\n","protected":false},"excerpt":{"rendered":"<p>El pasado viernes se emiti\u00f3 en Canal Sur, un programa sobre \u201cRedes Sociales\u201d en el programa \u201cLos Reporteros\u201d de lo cual me inform\u00f3 mi amiga Mar\u00eda Barcel\u00f3. Padres y alumnos de 4\u00ba y 6\u00ba de E. Primaria del Colegio Men\u00e9ndez y Pelayo de Valverde del Camino (Huelva) que tiene la suerte de contar con Mar\u00eda [&hellip;]<\/p>\n","protected":false},"author":1,"featured_media":0,"comment_status":"open","ping_status":"open","sticky":false,"template":"","format":"standard","meta":{"footnotes":""},"categories":[8,18,20],"tags":[],"class_list":["post-2024","post","type-post","status-publish","format-standard","hentry","category-educacion_e_internet","category-tic","category-video"],"_links":{"self":[{"href":"http:\/\/aula21.net\/aulablog21\/wp-json\/wp\/v2\/posts\/2024","targetHints":{"allow":["GET"]}}],"collection":[{"href":"http:\/\/aula21.net\/aulablog21\/wp-json\/wp\/v2\/posts"}],"about":[{"href":"http:\/\/aula21.net\/aulablog21\/wp-json\/wp\/v2\/types\/post"}],"author":[{"embeddable":true,"href":"http:\/\/aula21.net\/aulablog21\/wp-json\/wp\/v2\/users\/1"}],"replies":[{"embeddable":true,"href":"http:\/\/aula21.net\/aulablog21\/wp-json\/wp\/v2\/comments?post=2024"}],"version-history":[{"count":0,"href":"http:\/\/aula21.net\/aulablog21\/wp-json\/wp\/v2\/posts\/2024\/revisions"}],"wp:attachment":[{"href":"http:\/\/aula21.net\/aulablog21\/wp-json\/wp\/v2\/media?parent=2024"}],"wp:term":[{"taxonomy":"category","embeddable":true,"href":"http:\/\/aula21.net\/aulablog21\/wp-json\/wp\/v2\/categories?post=2024"},{"taxonomy":"post_tag","embeddable":true,"href":"http:\/\/aula21.net\/aulablog21\/wp-json\/wp\/v2\/tags?post=2024"}],"curies":[{"name":"wp","href":"https:\/\/api.w.org\/{rel}","templated":true}]}}