{"id":2031,"date":"2009-04-01T15:23:54","date_gmt":"2009-04-01T14:23:54","guid":{"rendered":"http:\/\/aula21.net\/aulablog21\/?p=2031"},"modified":"2009-04-06T17:30:10","modified_gmt":"2009-04-06T16:30:10","slug":"plataforma-multiblog-para-los-docentes-navarros","status":"publish","type":"post","link":"http:\/\/aula21.net\/aulablog21\/archives\/2009\/04\/01\/plataforma-multiblog-para-los-docentes-navarros\/","title":{"rendered":"Plataforma Multiblog para los docentes navarros"},"content":{"rendered":"<p><a href=\"http:\/\/www.labitacoradeltigre.com\/2009\/03\/31\/multiblog-plataforma-de-blogs-del-pnte\/\">Gracias a Eduardo Laregu<\/a>i me entero del nacimiento de <a href=\"http:\/\/irati.pnte.cfnavarra.es\/multiblog\/\">la plataforma Multiblog<\/a>, que permite a todos los docentes que tengan una cuenta de correo electr\u00f3nico en el <a title=\"Programa de Nuevas Tecnolog\u00edas y Educaci\u00f3n\" href=\"http:\/\/ntic.pnte.cfnavarra.es\/portal\/\" target=\"_blank\">Programa de Nuevas Tecnolog\u00edas y Educaci\u00f3n (PNTE)<\/a> del Departamento de Educaci\u00f3n del Gobierno de Navarra crear y administrar su propio blog personal.<\/p>\n<p>El sistema elegido ha sido WordPress Mu como en su d\u00eda hicieron en<a href=\"http:\/\/blog.educastur.es\/\"> Educastur Blogs<\/a> una veterana iniciativa del \u00e1rea del <a title=\"Educastur\" href=\"http:\/\/www.educastur.es\/\">Portal Educastur<\/a> y Servicios en L\u00ednea del Servicio de Formaci\u00f3n del Profesorado, Innovaci\u00f3n y Tecnolog\u00edas Educativas de la Consejer\u00eda de Educaci\u00f3n y Ciencia de Asturias.<\/p>\n<p><a href=\"http:\/\/irati.pnte.cfnavarra.es\/multiblog\/\"><img loading=\"lazy\" decoding=\"async\" class=\"alignleft size-medium wp-image-2032\" title=\"multiblog_inicio\" src=\"http:\/\/aula21.net\/aulablog21\/wp-content\/uploads\/2009\/04\/multiblog_inicio-300x252.jpg\" alt=\"\" width=\"300\" height=\"252\" \/><\/a><a title=\"WordPress MU\" href=\"http:\/\/mu.wordpress.org\/\" target=\"_blank\">WordPress MU<\/a> permite\u00a0 gestionar toda una comunidad de blogs con un esfuerzo de administraci\u00f3n m\u00ednimo.<\/p>\n<p>En Multiblog disponemos de <a href=\"http:\/\/irati.pnte.cfnavarra.es\/multiblog\/blog\/category\/tutoriales\/\">interesantes tutoriales<\/a> que nos permiten aprender sobre blogs y otras herramientas de la web 2.0 aunque nuestro blog est\u00e9 alojado en otro servicio.<\/p>\n<p>Enhorabuena a sus responsables por tan magn\u00edfica iniciativa que pondr\u00e1 un granito de arena m\u00e1s en lograr la alfabetizaci\u00f3n digital de los docentes.<\/p>\n","protected":false},"excerpt":{"rendered":"<p>Gracias a Eduardo Laregui me entero del nacimiento de la plataforma Multiblog, que permite a todos los docentes que tengan una cuenta de correo electr\u00f3nico en el Programa de Nuevas Tecnolog\u00edas y Educaci\u00f3n (PNTE) del Departamento de Educaci\u00f3n del Gobierno de Navarra crear y administrar su propio blog personal. El sistema elegido ha sido WordPress [&hellip;]<\/p>\n","protected":false},"author":1,"featured_media":0,"comment_status":"open","ping_status":"open","sticky":false,"template":"","format":"standard","meta":{"footnotes":""},"categories":[28,3,2],"tags":[],"class_list":["post-2031","post","type-post","status-publish","format-standard","hentry","category-web20","category-weblogs_herramientas_trucos_etc","category-weblogs_en_el_aula"],"_links":{"self":[{"href":"http:\/\/aula21.net\/aulablog21\/wp-json\/wp\/v2\/posts\/2031","targetHints":{"allow":["GET"]}}],"collection":[{"href":"http:\/\/aula21.net\/aulablog21\/wp-json\/wp\/v2\/posts"}],"about":[{"href":"http:\/\/aula21.net\/aulablog21\/wp-json\/wp\/v2\/types\/post"}],"author":[{"embeddable":true,"href":"http:\/\/aula21.net\/aulablog21\/wp-json\/wp\/v2\/users\/1"}],"replies":[{"embeddable":true,"href":"http:\/\/aula21.net\/aulablog21\/wp-json\/wp\/v2\/comments?post=2031"}],"version-history":[{"count":0,"href":"http:\/\/aula21.net\/aulablog21\/wp-json\/wp\/v2\/posts\/2031\/revisions"}],"wp:attachment":[{"href":"http:\/\/aula21.net\/aulablog21\/wp-json\/wp\/v2\/media?parent=2031"}],"wp:term":[{"taxonomy":"category","embeddable":true,"href":"http:\/\/aula21.net\/aulablog21\/wp-json\/wp\/v2\/categories?post=2031"},{"taxonomy":"post_tag","embeddable":true,"href":"http:\/\/aula21.net\/aulablog21\/wp-json\/wp\/v2\/tags?post=2031"}],"curies":[{"name":"wp","href":"https:\/\/api.w.org\/{rel}","templated":true}]}}