{"id":2036,"date":"2009-04-09T22:12:20","date_gmt":"2009-04-09T21:12:20","guid":{"rendered":"http:\/\/aula21.net\/aulablog21\/?p=2036"},"modified":"2009-04-14T18:53:57","modified_gmt":"2009-04-14T17:53:57","slug":"10%c2%ba-certamen-educared-a-navegar","status":"publish","type":"post","link":"http:\/\/aula21.net\/aulablog21\/archives\/2009\/04\/09\/10%c2%ba-certamen-educared-a-navegar\/","title":{"rendered":"10\u00ba Certamen EducaRed A Navegar"},"content":{"rendered":"<p><!--adsense--><br \/>\nYa est\u00e1 abierto el plazo de inscripci\u00f3n para el <a href=\"http:\/\/www.educared.net\/anavegar10\/\">10\u00ba Certamen EducaRed A Navegar<\/a><\/p>\n<p>El Certamen EducaRed A Navegar es una iniciativa de Fundaci\u00f3n Telef\u00f3nica y consiste en la realizaci\u00f3n de trabajos multimedia relacionados con los temas del curr\u00edculo escolar. Este Certamen promueve el uso de las Tecnolog\u00edas de la Informaci\u00f3n y la Comunicaci\u00f3n (TIC) en el aula.<\/p>\n<p>Para participar, no es necesario tener conocimientos previos sobre el uso de las TIC, puesto que el profesor tendr\u00e1 a su disposici\u00f3n, <a href=\"http:\/\/www.educared.net\/anavegar10\/\">en la p\u00e1gina web del Certamen<\/a>, gu\u00edas did\u00e1cticas que le ayudar\u00e1n a enfocar el trabajo on-line y tambi\u00e9n las actividades paralelas que se pueden desarrollar en el aula. Adem\u00e1s, siempre tendr\u00e1 a su disposici\u00f3n un tel\u00e9fono y un correo electr\u00f3nico en el que se resolver\u00e1n todas sus dudas t\u00e9cnicas y did\u00e1cticas.<\/p>\n<p>Se puede participar:<br \/>\n\u2022 \u00a0 \u00a0 \u00a0 Creando una p\u00e1gina web.<\/p>\n<p>\u2022 \u00a0 \u00a0 \u00a0 Creando un blog.<\/p>\n<p>\u2022 \u00a0 \u00a0 \u00a0 Creando un wiki.<\/p>\n<p>\u2022 \u00a0 \u00a0 \u00a0 Realizando un trabajo con EducaLab, una herramienta de EducaRed que permite crear contenidos utilizando una pizarra o muro digital interactivo.<\/p>\n<p>\u2022 \u00a0 \u00a0 \u00a0 O presentando una experiencia did\u00e1ctica en la que se est\u00e9n utilizando o se hayan empleado las tecnolog\u00edas de la informaci\u00f3n y la comunicaci\u00f3n como modo de difusi\u00f3n del conocimiento. En este caso, podr\u00e1n participar docentes en solitario, sin necesidad de formar un equipo con su alumnado.<\/p>\n<p>Se trata de un Certamen de car\u00e1cter pedag\u00f3gico. Por lo tanto, el jurado no solo valorar\u00e1 el producto final, sino tambi\u00e9n el proyecto educativo sobre el que se asienta: las actividades paralelas que se hayan desarrollado en el aula, el nivel de implicaci\u00f3n que se haya conseguido de los alumnos, la evaluaci\u00f3n continua o el seguimiento que se haya realizado del trabajo del equipo, etc.<\/p>\n<p>Para que el jurado tenga conocimiento de esta parte del trabajo, se habilitar\u00e1 un Diario del Proyecto en la web del Certamen, con un formulario muy sencillo de usar, en el que se podr\u00e1 ir dejando constancia cada semana de las actividades que se hayan desarrollado.<\/p>\n<p>Adem\u00e1s, contar\u00e1 con un Espacio de Trabajo en el que podr\u00e1 acceder a su trabajo y colaborar con otros profesores del Certamen a trav\u00e9s de foros y otras facilidades.<\/p>\n<p><a href=\"http:\/\/www.educared.net\/anavegar10\/inscripcion.html\">El plazo de inscripci\u00f3n <\/a>permanecer\u00e1 abierto hasta el 22 de abril.<\/p>\n<p><a href=\"http:\/\/www.educared.net\/anavegar10\/edic_anteriores.html\">Ver trabajos premiados de ediciones anteriores.<\/a><\/p>\n","protected":false},"excerpt":{"rendered":"<p>Ya est\u00e1 abierto el plazo de inscripci\u00f3n para el 10\u00ba Certamen EducaRed A Navegar El Certamen EducaRed A Navegar es una iniciativa de Fundaci\u00f3n Telef\u00f3nica y consiste en la realizaci\u00f3n de trabajos multimedia relacionados con los temas del curr\u00edculo escolar. Este Certamen promueve el uso de las Tecnolog\u00edas de la Informaci\u00f3n y la Comunicaci\u00f3n (TIC) [&hellip;]<\/p>\n","protected":false},"author":1,"featured_media":0,"comment_status":"open","ping_status":"open","sticky":false,"template":"","format":"standard","meta":{"footnotes":""},"categories":[25,28,2,16],"tags":[],"class_list":["post-2036","post","type-post","status-publish","format-standard","hentry","category-eventos","category-web20","category-weblogs_en_el_aula","category-wikis"],"_links":{"self":[{"href":"http:\/\/aula21.net\/aulablog21\/wp-json\/wp\/v2\/posts\/2036","targetHints":{"allow":["GET"]}}],"collection":[{"href":"http:\/\/aula21.net\/aulablog21\/wp-json\/wp\/v2\/posts"}],"about":[{"href":"http:\/\/aula21.net\/aulablog21\/wp-json\/wp\/v2\/types\/post"}],"author":[{"embeddable":true,"href":"http:\/\/aula21.net\/aulablog21\/wp-json\/wp\/v2\/users\/1"}],"replies":[{"embeddable":true,"href":"http:\/\/aula21.net\/aulablog21\/wp-json\/wp\/v2\/comments?post=2036"}],"version-history":[{"count":0,"href":"http:\/\/aula21.net\/aulablog21\/wp-json\/wp\/v2\/posts\/2036\/revisions"}],"wp:attachment":[{"href":"http:\/\/aula21.net\/aulablog21\/wp-json\/wp\/v2\/media?parent=2036"}],"wp:term":[{"taxonomy":"category","embeddable":true,"href":"http:\/\/aula21.net\/aulablog21\/wp-json\/wp\/v2\/categories?post=2036"},{"taxonomy":"post_tag","embeddable":true,"href":"http:\/\/aula21.net\/aulablog21\/wp-json\/wp\/v2\/tags?post=2036"}],"curies":[{"name":"wp","href":"https:\/\/api.w.org\/{rel}","templated":true}]}}