{"id":2044,"date":"2009-04-16T05:09:14","date_gmt":"2009-04-16T04:09:14","guid":{"rendered":"http:\/\/aula21.net\/aulablog21\/?p=2044"},"modified":"2009-04-16T05:09:14","modified_gmt":"2009-04-16T04:09:14","slug":"%c2%bfacepto-a-mi-mama-en-facebook","status":"publish","type":"post","link":"http:\/\/aula21.net\/aulablog21\/archives\/2009\/04\/16\/%c2%bfacepto-a-mi-mama-en-facebook\/","title":{"rendered":"\u00bfAcepto a mi mam\u00e1 en Facebook?"},"content":{"rendered":"<p>Un reciente estudio divulgado en Estados Unidos revel\u00f3 que cada vez m\u00e1s padres estar\u00edan ingresando a redes sociales, como Facebook, para vigilar lo que hacen sus hijos.<br \/>\n<a href=\"http:\/\/www.bbc.co.uk\/mundo\/cultura_sociedad\/2009\/04\/090414_video_facebook_padres_vh.shtml\"><img loading=\"lazy\" decoding=\"async\" class=\"alignnone size-full wp-image-2045\" title=\"imagen-2\" src=\"http:\/\/aula21.net\/aulablog21\/wp-content\/uploads\/2009\/04\/imagen-2.png\" alt=\"\" width=\"500\" height=\"293\" srcset=\"http:\/\/aula21.net\/aulablog21\/wp-content\/uploads\/2009\/04\/imagen-2.png 511w, http:\/\/aula21.net\/aulablog21\/wp-content\/uploads\/2009\/04\/imagen-2-300x176.png 300w\" sizes=\"auto, (max-width: 500px) 100vw, 500px\" \/><\/a><\/p>\n<p>\u00bf Te comunicas t\u00fa con\u00a0 tus hijos a trav\u00e9s de las redes sociales ? cuenta tu experiencia en los comentarios<\/p>\n","protected":false},"excerpt":{"rendered":"<p>Un reciente estudio divulgado en Estados Unidos revel\u00f3 que cada vez m\u00e1s padres estar\u00edan ingresando a redes sociales, como Facebook, para vigilar lo que hacen sus hijos. \u00bf Te comunicas t\u00fa con\u00a0 tus hijos a trav\u00e9s de las redes sociales ? cuenta tu experiencia en los comentarios<\/p>\n","protected":false},"author":1,"featured_media":0,"comment_status":"open","ping_status":"open","sticky":false,"template":"","format":"standard","meta":{"footnotes":""},"categories":[28],"tags":[],"class_list":["post-2044","post","type-post","status-publish","format-standard","hentry","category-web20"],"_links":{"self":[{"href":"http:\/\/aula21.net\/aulablog21\/wp-json\/wp\/v2\/posts\/2044","targetHints":{"allow":["GET"]}}],"collection":[{"href":"http:\/\/aula21.net\/aulablog21\/wp-json\/wp\/v2\/posts"}],"about":[{"href":"http:\/\/aula21.net\/aulablog21\/wp-json\/wp\/v2\/types\/post"}],"author":[{"embeddable":true,"href":"http:\/\/aula21.net\/aulablog21\/wp-json\/wp\/v2\/users\/1"}],"replies":[{"embeddable":true,"href":"http:\/\/aula21.net\/aulablog21\/wp-json\/wp\/v2\/comments?post=2044"}],"version-history":[{"count":0,"href":"http:\/\/aula21.net\/aulablog21\/wp-json\/wp\/v2\/posts\/2044\/revisions"}],"wp:attachment":[{"href":"http:\/\/aula21.net\/aulablog21\/wp-json\/wp\/v2\/media?parent=2044"}],"wp:term":[{"taxonomy":"category","embeddable":true,"href":"http:\/\/aula21.net\/aulablog21\/wp-json\/wp\/v2\/categories?post=2044"},{"taxonomy":"post_tag","embeddable":true,"href":"http:\/\/aula21.net\/aulablog21\/wp-json\/wp\/v2\/tags?post=2044"}],"curies":[{"name":"wp","href":"https:\/\/api.w.org\/{rel}","templated":true}]}}