{"id":2049,"date":"2009-04-16T11:52:59","date_gmt":"2009-04-16T10:52:59","guid":{"rendered":"http:\/\/aula21.net\/aulablog21\/?p=2049"},"modified":"2009-04-16T12:20:49","modified_gmt":"2009-04-16T11:20:49","slug":"el-portatil-magallane","status":"publish","type":"post","link":"http:\/\/aula21.net\/aulablog21\/archives\/2009\/04\/16\/el-portatil-magallane\/","title":{"rendered":"El port\u00e1til Magalhaes"},"content":{"rendered":"<p><!--adsense--><br \/>\nEl corresponsal de aulablog21 en tierras lusitanas me env\u00eda alarmado la noticia de que los 500.000 ordenadores gratuitos distribuidos en las escuelas portuguesas a los alumnos de primer ciclo permiten el acceso a p\u00e1ginas de pornograf\u00eda.<\/p>\n<p>He escrito a la ministra para tranquilizarla y decirle que no se le pueden poner puertas al campo lo importante es que los profesores eduquen a las criancas en el uso responsable e inteligente de la red.<br \/>\n<object classid=\"clsid:d27cdb6e-ae6d-11cf-96b8-444553540000\" width=\"425\" height=\"344\" codebase=\"http:\/\/download.macromedia.com\/pub\/shockwave\/cabs\/flash\/swflash.cab#version=6,0,40,0\"><param name=\"allowFullScreen\" value=\"true\" \/><param name=\"allowscriptaccess\" value=\"always\" \/><param name=\"src\" value=\"http:\/\/www.youtube.com\/v\/ESW-4xiBCXQ&amp;hl=es&amp;fs=1\" \/><embed type=\"application\/x-shockwave-flash\" width=\"425\" height=\"344\" src=\"http:\/\/www.youtube.com\/v\/ESW-4xiBCXQ&amp;hl=es&amp;fs=1\" allowscriptaccess=\"always\" allowfullscreen=\"true\"><\/embed><\/object><\/p>\n<p>El Gobierno luso ha suscrito un acuerdo con la multinacional Intel y fabrican ordenadores cuyo coste maximo es\u00a0 50 euros en funci\u00f3n de las posibilidades econ\u00f3micas de las familias a pesar de que el coste del aparato es de unos 180 euros. De este modo, el Gobierno portugu\u00e9s pretende <strong>implantar masivamente la inform\u00e1tica<\/strong> en las escuelas y llevarla a las familias de bajos recursos.<\/p>\n<p>Los port\u00e1tiles, denominados Magalhaes (Magallanes, en espa\u00f1ol), <strong>son ensamblados en Portugal con el 30%<\/strong> del material del propio pa\u00eds. <a id=\"aptureLink_sXsKqn5jQw\" href=\"http:\/\/www.eescolinha.gov.pt\/portal\/server.pt\/community\/e-escolinha\/200\/home\">En el portal e-escolinha<\/a> tienes m\u00e1s imformaci\u00f3n del proyecto.<\/p>\n<p>Propongo a <a href=\"http:\/\/elcuadernodeguillermo.blogspot.com\/\">nuestro presidente<\/a> hacer algo similar en Extremadura, en lugar de gastarte tanta pasta como lleva gastada en ordenadores que fallan m\u00e1s que las escopetas de la feria y que est\u00e1n infrautilizados por tener una velocidad de conexi\u00f3n a Internet que da pena.<\/p>\n<p><img loading=\"lazy\" decoding=\"async\" class=\"alignleft\" style=\"float: left;\" src=\"http:\/\/blogs.elpais.com\/photos\/uncategorized\/2008\/09\/29\/maga.jpg\" alt=\"\" width=\"190\" height=\"250\" \/>No hace mucho los portugueses <a href=\"http:\/\/www.elpais.com\/articulo\/internacional\/Chavez\/hace\/Portugal\/bastion\/Europa\/elpepuint\/20080928elpepiint_9\/Tes\">vendieron a Venezuela un\u00a0 mill\u00f3n de estos port\u00e1tiles<\/a> a cambio de petr\u00f3leo, \u00bfen estos tiempos de crisis no hay nadie en el ejecutivo exreme\u00f1o capaz de llevar a cabo iniciativas similares?<\/p>\n<p>Espero que nadie de la Junta me diga<a id=\"aptureLink_FfWiyeuFMD\" href=\"http:\/\/www.youtube.com\/watch?v=d9X8DYOA5DE\"> \u00bfpor qu\u00e9 no te callas?<\/a><\/p>\n<p>Presidente,\u00a0 \u00bf qu\u00e9 le parece un port\u00e1til extreme\u00f1o denominado Hern\u00e1n Cort\u00e9s con arranque dual que integre Linex y el sistema operativo Leopard de Mac negociado a bajo precio incluido para ser distribuido en todo el mundo ?<\/p>\n<p>Podriamos reducir el paro en la regi\u00f3n y tener port\u00e1tiles gratis, es increible &#8230;.<\/p>\n<p><a id=\"aptureLink_TVLcSG8ogU\" href=\"http:\/\/www.itais.net\/2008\/11\/04\/en-educacion-tambien-spain-is-different\/\">\u00bf Qu\u00e9 pensar\u00e1 mi amigo Jose Lu\u00eds de todo esto ?<\/a><\/p>\n<p>Me parece que la fiebre me est\u00e1 haciendo delirar&#8230;<\/p>\n","protected":false},"excerpt":{"rendered":"<p>El corresponsal de aulablog21 en tierras lusitanas me env\u00eda alarmado la noticia de que los 500.000 ordenadores gratuitos distribuidos en las escuelas portuguesas a los alumnos de primer ciclo permiten el acceso a p\u00e1ginas de pornograf\u00eda. He escrito a la ministra para tranquilizarla y decirle que no se le pueden poner puertas al campo lo [&hellip;]<\/p>\n","protected":false},"author":1,"featured_media":0,"comment_status":"open","ping_status":"open","sticky":false,"template":"","format":"standard","meta":{"footnotes":""},"categories":[17,19,18],"tags":[],"class_list":["post-2049","post","type-post","status-publish","format-standard","hentry","category-articulos","category-educacion","category-tic"],"_links":{"self":[{"href":"http:\/\/aula21.net\/aulablog21\/wp-json\/wp\/v2\/posts\/2049","targetHints":{"allow":["GET"]}}],"collection":[{"href":"http:\/\/aula21.net\/aulablog21\/wp-json\/wp\/v2\/posts"}],"about":[{"href":"http:\/\/aula21.net\/aulablog21\/wp-json\/wp\/v2\/types\/post"}],"author":[{"embeddable":true,"href":"http:\/\/aula21.net\/aulablog21\/wp-json\/wp\/v2\/users\/1"}],"replies":[{"embeddable":true,"href":"http:\/\/aula21.net\/aulablog21\/wp-json\/wp\/v2\/comments?post=2049"}],"version-history":[{"count":0,"href":"http:\/\/aula21.net\/aulablog21\/wp-json\/wp\/v2\/posts\/2049\/revisions"}],"wp:attachment":[{"href":"http:\/\/aula21.net\/aulablog21\/wp-json\/wp\/v2\/media?parent=2049"}],"wp:term":[{"taxonomy":"category","embeddable":true,"href":"http:\/\/aula21.net\/aulablog21\/wp-json\/wp\/v2\/categories?post=2049"},{"taxonomy":"post_tag","embeddable":true,"href":"http:\/\/aula21.net\/aulablog21\/wp-json\/wp\/v2\/tags?post=2049"}],"curies":[{"name":"wp","href":"https:\/\/api.w.org\/{rel}","templated":true}]}}