{"id":208,"date":"2005-02-25T00:09:51","date_gmt":"2005-02-24T23:09:51","guid":{"rendered":"http:\/\/127.0.0.1\/wordpress2\/index.php\/archives\/2005\/02\/25\/priner-numero-revista-dim\/"},"modified":"2005-02-25T00:33:43","modified_gmt":"2005-02-24T23:33:43","slug":"priner-numero-revista-dim","status":"publish","type":"post","link":"http:\/\/aula21.net\/aulablog21\/archives\/2005\/02\/25\/priner-numero-revista-dim\/","title":{"rendered":"Primer n\u00famero revista DIM"},"content":{"rendered":"<p>El grupo de investigaci\u00f3n DiM dirigido por el Dr. Pere Marqu\u00e9s\u00a0nac\u00edo desde el <a href=\"http:\/\/dewey.uab.es\/paplicada\/\" target=\"_blank\">Departamento de Pedagog\u00eda Aplicada<\/a>, en el marco institucional de la <a href=\"http:\/\/dewey.uab.es\/\" target=\"_blank\">Facultad de Ciencias de la Educaci\u00f3n<\/a> de la Universidad Aut\u00f3noma de Barcelona el a\u00f1o 2000. <a href=\"http:\/\/dewey.uab.es\/pmarques\/dim\/\">Su p\u00e1gina web<\/a>\u00a0es una referencia imprescindible para todos aquellos docentes interesados en usar la tecnolog\u00eda digital en el aula, desde hace algo m\u00e1s de un mes soy colaborador de dicho grupo y hoy a trav\u00e9s de\u00a0su lista de correo me comunican\u00a0 que se ha publicado <a href=\"http:\/\/dewey.uab.es\/pmarques\/dim\/revistaDIM\/revis1\/revista1.htm\">el n\u00ba0 de la nueva\u00a0revista DIM\u00a0&quot;Did\u00e1ctica, Innovaci\u00f3n y Multimedia&quot;<\/a>.<\/p>\n<p>Hay un mont\u00f3n de interesantes contenidos y recursos pero especialmente grato me ha sido leer el art\u00edculo \u00a0<a href=\"http:\/\/dewey.uab.es\/pmarques\/dim\/revistaDIM\/revis1\/revcentro1.htm#apren\">Aprendiendo a expresarse con weblog<\/a>\u00a0de Rafael Robles que os pod\u00e9is <a href=\"http:\/\/dewey.uab.es\/pmarques\/dim\/revistaDIM\/aprendiendo%20a%20expresarse%20con%20weblogs.doc\">descargar en formato.doc<\/a>, en el se cita entre otros mi blog y el de mi admirado profesor\u00a0<a href=\"http:\/\/ciso.uprm.edu\/~wordpress\/index.php\">Mario N\u00fa\u00f1ez<\/a>. El \u00edndice de este magn\u00edfico trabajo es: <\/p>\n<p>1.\u00a0INTRODUCCI\u00d3N<\/p>\n<p>2.\u00a0EL WEBLOG DEL PROFESOR<br \/>2.1.\u00a0CARACTER\u00cdSTICAS<br \/>2.2.\u00a0EJEMPLOS<\/p>\n<p>3.\u00a0EL WEBLOG DEL ESTUDIANTE<br \/>3.1.\u00a0DIARIO DE CLASE<br \/>3.2.\u00a0ACTIVIDAD SIGNIFICATIVA CONCRETA<br \/>3.3.\u00a0EL ESTUDIANTE PONE SUS L\u00cdMITES<\/p>\n<p>4.\u00a0EL MULTIBLOG<\/p>\n<p>5.\u00a0CONCLUSI\u00d3N<\/p>\n","protected":false},"excerpt":{"rendered":"<p>El grupo de investigaci\u00f3n DiM dirigido por el Dr. Pere Marqu\u00e9s\u00a0nac\u00edo desde el Departamento de Pedagog\u00eda Aplicada, en el marco institucional de la Facultad de Ciencias de la Educaci\u00f3n de la Universidad Aut\u00f3noma de Barcelona el a\u00f1o 2000. Su p\u00e1gina web\u00a0es una referencia imprescindible para todos aquellos docentes interesados en usar la tecnolog\u00eda digital en [&hellip;]<\/p>\n","protected":false},"author":1,"featured_media":0,"comment_status":"open","ping_status":"open","sticky":false,"template":"","format":"standard","meta":{"footnotes":""},"categories":[8,2],"tags":[],"class_list":["post-208","post","type-post","status-publish","format-standard","hentry","category-educacion_e_internet","category-weblogs_en_el_aula"],"_links":{"self":[{"href":"http:\/\/aula21.net\/aulablog21\/wp-json\/wp\/v2\/posts\/208","targetHints":{"allow":["GET"]}}],"collection":[{"href":"http:\/\/aula21.net\/aulablog21\/wp-json\/wp\/v2\/posts"}],"about":[{"href":"http:\/\/aula21.net\/aulablog21\/wp-json\/wp\/v2\/types\/post"}],"author":[{"embeddable":true,"href":"http:\/\/aula21.net\/aulablog21\/wp-json\/wp\/v2\/users\/1"}],"replies":[{"embeddable":true,"href":"http:\/\/aula21.net\/aulablog21\/wp-json\/wp\/v2\/comments?post=208"}],"version-history":[{"count":0,"href":"http:\/\/aula21.net\/aulablog21\/wp-json\/wp\/v2\/posts\/208\/revisions"}],"wp:attachment":[{"href":"http:\/\/aula21.net\/aulablog21\/wp-json\/wp\/v2\/media?parent=208"}],"wp:term":[{"taxonomy":"category","embeddable":true,"href":"http:\/\/aula21.net\/aulablog21\/wp-json\/wp\/v2\/categories?post=208"},{"taxonomy":"post_tag","embeddable":true,"href":"http:\/\/aula21.net\/aulablog21\/wp-json\/wp\/v2\/tags?post=208"}],"curies":[{"name":"wp","href":"https:\/\/api.w.org\/{rel}","templated":true}]}}