{"id":2080,"date":"2009-04-30T18:14:45","date_gmt":"2009-04-30T17:14:45","guid":{"rendered":"http:\/\/aula21.net\/aulablog21\/?p=2080"},"modified":"2009-05-19T13:33:03","modified_gmt":"2009-05-19T12:33:03","slug":"matematicas-y-poesia","status":"publish","type":"post","link":"http:\/\/aula21.net\/aulablog21\/archives\/2009\/04\/30\/matematicas-y-poesia\/","title":{"rendered":"Matem\u00e1ticas y poes\u00eda"},"content":{"rendered":"<p>El poeta y profesor de matem\u00e1ticas Emilio P. G\u00f3mez planteaba <a href=\"http:\/\/www.catedu.es\/matematicas_mundo\/POESIA\/poesia_problemas_vertice.htm\">este ejercicio de trigonometr\u00eda<\/a> a alumnos del entonces denominado 3\u00ba de BUP.<\/p>\n<p>El v\u00e9rtice del cielo es esa nube<br \/>\nque al volver se deshace.<br \/>\nLa altura del cielo, la distancia<br \/>\nque la lluvia recorre hasta la tierra.<br \/>\nDesde tus ojos miras ese v\u00e9rtice<br \/>\ndonde las gotas \u2013como h\u00famedos fetos\u2013 van brotando.<br \/>\nTu mirada con la tierra conforma<br \/>\nun cuarto de horizonte<br \/>\ny a dos kil\u00f3metros de ti van a caer<br \/>\nesas ni\u00f1as de lluvia que observamos<br \/>\nnacer sencillamente all\u00e1 en lo alto. \u00bfSabes decirme ya, mujer,<br \/>\nla altura de ese cielo<br \/>\nque mis manos no alcanzan a medir?<\/p>\n<p>El profesor resolv\u00eda po\u00e9tica y matem\u00e1ticamente el problema.<\/p>\n<p><a href=\"http:\/\/aula21.net\/aulablog21\/wp-content\/uploads\/2009\/04\/metaypoesia.png\"><img loading=\"lazy\" decoding=\"async\" class=\"alignnone size-full wp-image-2081\" title=\"metaypoesia\" src=\"http:\/\/aula21.net\/aulablog21\/wp-content\/uploads\/2009\/04\/metaypoesia.png\" alt=\"\" width=\"500\" height=\"356\" srcset=\"http:\/\/aula21.net\/aulablog21\/wp-content\/uploads\/2009\/04\/metaypoesia.png 615w, http:\/\/aula21.net\/aulablog21\/wp-content\/uploads\/2009\/04\/metaypoesia-300x214.png 300w\" sizes=\"auto, (max-width: 500px) 100vw, 500px\" \/><\/a><\/p>\n<p>Ello me da pie a idear una actividad integradora de diversas \u00e1reas.<br \/>\nPidamos al alumno que invente el enunciado po\u00e9tico de un problema en Lengua, lo dibuje en Pl\u00e1stica y lo resuelva en Matem\u00e1ticas, lo ideal ser\u00eda que un mismo profesor impartiera las tres materias cosa que afortunadamente ocurre en ocasiones en los primeros cursos de primaria.<\/p>\n<p>Para empezar podemos usar alguna que no sea propia:<\/p>\n<p class=\"MsoNormal\" style=\"line-height: 100%; margin-top: 4px; margin-bottom: 4px;\" align=\"left\"><span style=\"font-size: 8pt; font-family: Verdana; color: #000000;\"><em><a href=\"http:\/\/www.catedu.es\/matematicas_mundo\/POESIA\/poesia_problemas_caceria.htm\"> <span style=\"color: #0033cc;\">Cacer\u00eda       mitol\u00f3gica<\/span><\/a><\/em> <\/span> <span style=\"font-family: Verdana; color: #000000; font-size: xx-small;\">&#8211; An\u00f3nimo<\/span><\/p>\n<p class=\"MsoNormal\" style=\"line-height: 100%; margin-top: 4px; margin-bottom: 4px;\" align=\"left\"><span style=\"font-size: 8pt; font-family: Verdana; color: #000000;\"><em><a href=\"http:\/\/www.catedu.es\/matematicas_mundo\/POESIA\/poesia_problemas_persecucion.htm\"> <span style=\"color: #0033cc;\">Persecuci\u00f3n<\/span><\/a><\/em> <\/span> <span style=\"font-family: Verdana; color: #000000; font-size: xx-small;\">&#8211; An\u00f3nimo<\/span><\/p>\n<p class=\"MsoNormal\" style=\"line-height: 100%; margin-top: 4px; margin-bottom: 4px;\" align=\"left\"><span style=\"font-size: 8pt; font-family: Verdana; color: #000000;\"><em><a href=\"http:\/\/www.catedu.es\/matematicas_mundo\/POESIA\/poesia_problemas_tiro.htm\"> <span style=\"color: #0033cc;\">Tiro       al blanco<\/span><\/a><\/em> <\/span> <span style=\"font-family: Verdana; color: #000000; font-size: xx-small;\">&#8211; An\u00f3nimo<\/span><\/p>\n<p class=\"MsoNormal\" style=\"line-height: 100%; margin-top: 4px; margin-bottom: 4px;\" align=\"left\"><span style=\"font-size: 8pt; font-family: Verdana; color: #000000;\"><em><a href=\"http:\/\/www.catedu.es\/matematicas_mundo\/POESIA\/poesia_problemas_collar.htm\"> <span style=\"color: #0033cc;\">El       collar de los enamorados<\/span><\/a><\/em> <\/span> <span style=\"font-family: Verdana; color: #000000; font-size: xx-small;\">&#8211; An\u00f3nimo hind\u00fa<\/span><\/p>\n<p class=\"MsoNormal\" style=\"line-height: 100%; margin-top: 4px; margin-bottom: 4px;\" align=\"left\"><span style=\"font-size: 8pt; font-family: Verdana; color: #000000;\"><em><a href=\"http:\/\/www.catedu.es\/matematicas_mundo\/POESIA\/poesia_problemas_vertice.htm\"> <span style=\"color: #0033cc;\">El       v\u00e9rtice del cielo&#8230;<\/span><\/a><\/em> <\/span> <span style=\"font-family: Verdana; color: #000000; font-size: xx-small;\">&#8211; Emilio P. G\u00f3mez<\/span><\/p>\n<p class=\"MsoNormal\" style=\"line-height: 100%; margin-top: 4px; margin-bottom: 4px;\" align=\"left\"><span style=\"font-size: 8pt; font-family: Verdana; color: #000000;\"><em><a href=\"http:\/\/www.catedu.es\/matematicas_mundo\/POESIA\/poesia_problemas_naranjas.htm\"> <span style=\"color: #0033cc;\">El       ladr\u00f3n de naranjas<\/span><\/a><\/em> <\/span> <span style=\"font-family: Verdana; color: #000000; font-size: xx-small;\">&#8211; Escuela Califal de C\u00f3rdoba<\/span><\/p>\n<p>\u00bfQu\u00e9 tal si metemos el poema en alguna herramienta web 2.0 que nos genere algo bonito ? por ejemplo en el nuevo <a href=\"http:\/\/www.imagechef.com\/ic\/word_mosaic\/\">generador de textos de ImageChef<br \/>\n<\/a><\/p>\n<p><a href=\"http:\/\/aula21.net\/aulablog21\/wp-content\/uploads\/2009\/04\/mosaic0.png\"><img loading=\"lazy\" decoding=\"async\" class=\"alignnone size-full wp-image-2082\" title=\"mosaic0\" src=\"http:\/\/aula21.net\/aulablog21\/wp-content\/uploads\/2009\/04\/mosaic0.png\" alt=\"\" width=\"395\" height=\"387\" srcset=\"http:\/\/aula21.net\/aulablog21\/wp-content\/uploads\/2009\/04\/mosaic0.png 395w, http:\/\/aula21.net\/aulablog21\/wp-content\/uploads\/2009\/04\/mosaic0-300x293.png 300w\" sizes=\"auto, (max-width: 395px) 100vw, 395px\" \/><\/a><\/p>\n<p>Tambi\u00e9n podemos proponer la realizaci\u00f3n de <a href=\"http:\/\/es.wikipedia.org\/wiki\/Acr%C3%B3stico\">acr\u00f3sticos.<\/a><\/p>\n<p><strong><\/strong><\/p>\n<p class=\"MsoNormal\" style=\"margin-left: 114pt;\"><a name=\"m315\"><\/a><strong><span lang=\"ES-TRAD\">M<\/span><\/strong><strong><span style=\"font-weight: normal;\" lang=\"ES-TRAD\"> irar so\u00f1ando despierto<\/span><\/strong><span lang=\"ES-TRAD\"><br \/>\n<strong><span>A<\/span><\/strong><strong><span style=\"font-weight: normal;\"> l ver dos l\u00edneas trazadas<\/span><\/strong><br \/>\n<strong><span>T<\/span><\/strong><strong><span style=\"font-weight: normal;\"> e refleja como ciertos<\/span><\/strong><br \/>\n<strong><span>E<\/span><\/strong><strong><span style=\"font-weight: normal;\"> spacios que son del alma;<\/span><\/strong><br \/>\n<strong><span>M <\/span><\/strong><strong><span style=\"font-weight: normal;\">ar de infinitos destellos<\/span><\/strong><br \/>\n<strong><span>A<\/span><\/strong><strong><span style=\"font-weight: normal;\"> cotados por las blancas<\/span><\/strong><br \/>\n<strong><span>T<\/span><\/strong><strong><span style=\"font-weight: normal;\"> razas que dejan abiertos<\/span><\/strong><br \/>\n<strong><span>I <\/span><\/strong><strong><span style=\"font-weight: normal;\">mposibles movimientos<\/span><\/strong><br \/>\n<strong><span>C<\/span><\/strong><strong><span style=\"font-weight: normal;\"> apaces de abrir las marcas<\/span><\/strong><br \/>\n<strong><span>A<\/span><\/strong><strong><span style=\"font-weight: normal;\"> lcanzadas por expertos<\/span><\/strong><br \/>\n<strong><span>S <\/span><\/strong><strong><span style=\"font-weight: normal;\">abios de todos los tiempos <\/span><\/strong><\/span><\/p>\n<p class=\"MsoNormal\" style=\"margin-left: 114pt;\"><em><strong><span style=\"font-style: normal;\" lang=\"ES-TRAD\">Y<\/span><\/strong><\/em><em><span style=\"font-style: normal;\" lang=\"ES-TRAD\"> so\u00f1ando lograremos<\/span><\/em><\/p>\n<p class=\"MsoNormal\" style=\"margin-left: 114pt;\"><em><strong><span style=\"font-style: normal;\" lang=\"ES-TRAD\">P<\/span><\/strong><\/em><em><span style=\"font-style: normal;\" lang=\"ES-TRAD\"> enetrar en las esencias<\/span><\/em><span lang=\"ES-TRAD\"><br \/>\n<em><strong><span style=\"font-style: normal;\">O<\/span><\/strong><\/em><em><span style=\"font-style: normal;\"> cultas de los extremos<\/span><\/em><br \/>\n<em><strong><span style=\"font-style: normal;\">E<\/span><\/strong><\/em><em><span style=\"font-style: normal;\"> squivos de las conciencias,<\/span><\/em><br \/>\n<em><strong><span style=\"font-style: normal;\">S<\/span><\/strong><\/em><em><span style=\"font-style: normal;\"> abiendo que toda ciencia<\/span><\/em><br \/>\n<em><strong><span style=\"font-style: normal;\">I <\/span><\/strong><\/em><em><span style=\"font-style: normal;\">ncluye cuando queremos<\/span><\/em><br \/>\n<em><strong><span style=\"font-style: normal;\">A<\/span><\/strong><\/em><em><span style=\"font-style: normal;\"> lgo de amor y cadencia<\/span><\/em><\/span><\/p>\n<p class=\"MsoNormal\"><span> <\/span><\/p>\n<p class=\"MsoNormal\" style=\"margin-left: 114pt;\"><span>Jos\u00e9 Antonio Herv\u00e1s <\/span><\/p>\n<p style=\"margin-left: 54pt; text-indent: -54pt;\"><span style=\"font-size: 10pt;\">Responsable del sitio web Matem\u00e1ticas y Poes\u00eda (<\/span><a href=\"http:\/\/www.matematicasypoesia.com.es\/\" target=\"_blank\"><span style=\"font-size: 10pt;\">www.matematicasypoesia.com.es<\/span><\/a>)<\/p>\n<p>Podemos decir que nos la reciten disfrazados ante la webcam&#8230;<\/p>\n<p><a href=\"http:\/\/aula21.net\/aulablog21\/wp-content\/uploads\/2009\/04\/foto-70.jpg\"><img loading=\"lazy\" decoding=\"async\" class=\"alignnone size-full wp-image-2083\" title=\"foto-70\" src=\"http:\/\/aula21.net\/aulablog21\/wp-content\/uploads\/2009\/04\/foto-70.jpg\" alt=\"\" width=\"500\" height=\"375\" srcset=\"http:\/\/aula21.net\/aulablog21\/wp-content\/uploads\/2009\/04\/foto-70.jpg 640w, http:\/\/aula21.net\/aulablog21\/wp-content\/uploads\/2009\/04\/foto-70-300x225.jpg 300w\" sizes=\"auto, (max-width: 500px) 100vw, 500px\" \/><\/a><\/p>\n<p>Existe una versi\u00f3n en v\u00eddeo pero me da pudor ponerla, mejor os invito <a id=\"aptureLink_6oGQ66N3Fc\" href=\"http:\/\/www.youtube.com\/watch?v=szyhQnVTCFE\">a ver este v\u00eddeo<\/a> i<span class=\"description\">nspirado en un poema de<a href=\"http:\/\/pt.wikipedia.org\/wiki\/Mill%C3%B4r_Fernandes\"> Millor Fernandes <\/a> realizado por alumnos del profesor Victor Venas del colegio brasile\u00f1o Helyos.<\/span><\/p>\n<p>Para terminar os recomiendo <a href=\"http:\/\/www.espaciopodcast.com\/\"><span style=\"font-weight: bold;\">Espacio Podcast<\/span><\/a> para que los alumnos publiquen sus poemas en mp3.<\/p>\n","protected":false},"excerpt":{"rendered":"<p>El poeta y profesor de matem\u00e1ticas Emilio P. G\u00f3mez planteaba este ejercicio de trigonometr\u00eda a alumnos del entonces denominado 3\u00ba de BUP. El v\u00e9rtice del cielo es esa nube que al volver se deshace. La altura del cielo, la distancia que la lluvia recorre hasta la tierra. Desde tus ojos miras ese v\u00e9rtice donde las [&hellip;]<\/p>\n","protected":false},"author":1,"featured_media":0,"comment_status":"open","ping_status":"open","sticky":false,"template":"","format":"standard","meta":{"footnotes":""},"categories":[8,1,10,20],"tags":[],"class_list":["post-2080","post","type-post","status-publish","format-standard","hentry","category-educacion_e_internet","category-miscelanea","category-utilidades","category-video"],"_links":{"self":[{"href":"http:\/\/aula21.net\/aulablog21\/wp-json\/wp\/v2\/posts\/2080","targetHints":{"allow":["GET"]}}],"collection":[{"href":"http:\/\/aula21.net\/aulablog21\/wp-json\/wp\/v2\/posts"}],"about":[{"href":"http:\/\/aula21.net\/aulablog21\/wp-json\/wp\/v2\/types\/post"}],"author":[{"embeddable":true,"href":"http:\/\/aula21.net\/aulablog21\/wp-json\/wp\/v2\/users\/1"}],"replies":[{"embeddable":true,"href":"http:\/\/aula21.net\/aulablog21\/wp-json\/wp\/v2\/comments?post=2080"}],"version-history":[{"count":0,"href":"http:\/\/aula21.net\/aulablog21\/wp-json\/wp\/v2\/posts\/2080\/revisions"}],"wp:attachment":[{"href":"http:\/\/aula21.net\/aulablog21\/wp-json\/wp\/v2\/media?parent=2080"}],"wp:term":[{"taxonomy":"category","embeddable":true,"href":"http:\/\/aula21.net\/aulablog21\/wp-json\/wp\/v2\/categories?post=2080"},{"taxonomy":"post_tag","embeddable":true,"href":"http:\/\/aula21.net\/aulablog21\/wp-json\/wp\/v2\/tags?post=2080"}],"curies":[{"name":"wp","href":"https:\/\/api.w.org\/{rel}","templated":true}]}}