{"id":2084,"date":"2009-05-01T11:22:19","date_gmt":"2009-05-01T10:22:19","guid":{"rendered":"http:\/\/aula21.net\/aulablog21\/?p=2084"},"modified":"2009-05-01T11:42:27","modified_gmt":"2009-05-01T10:42:27","slug":"zp-se-lanza-a-la-digitalizacion-del-sistema-educativo","status":"publish","type":"post","link":"http:\/\/aula21.net\/aulablog21\/archives\/2009\/05\/01\/zp-se-lanza-a-la-digitalizacion-del-sistema-educativo\/","title":{"rendered":"ZP se lanza a la digitalizaci\u00f3n del sistema educativo"},"content":{"rendered":"<p>Ese es el t\u00edtulo del<a href=\"http:\/\/www.elpais.com\/articulo\/sociedad\/Zapatero\/lanza\/digitalizacion\/sistema\/educativo\/elpepusoc\/20090430elpepusoc_10\/Tes\"> art\u00edculo publicado en El Pa\u00eds<\/a>.<br \/>\nMerece un comentario extenso, dado que no tengo tiempo para ello publico el mejor comentario que he visto hasta la fecha efectuado por un lector de dicho diario.<\/p>\n<blockquote><p>No s\u00e9 si es una historia verdadera, pero cuenta la leyenda que el difunto matem\u00e1tico, profesor Haim Hanani, pidi\u00f3 una vez a sus estudiantes en el Technion dise\u00f1ar un proyecto para construir una tuber\u00eda que transportara sangre desde Haifa a Eilat. Los estudiantes obedientes hicieron lo que se les ped\u00eda. Usando reglas logar\u00edtmicas, esbozaron el dise\u00f1o de un sofisticado oleoducto. Planearon su ruta meticulosamente, teniendo en cuenta la topograf\u00eda del lugar, la posibilidad de corrosi\u00f3n, el di\u00e1metro de la tuber\u00eda y el flujo de calibraci\u00f3n. Cuando presentaron el resultado, el profesor dio su dictamen: est\u00e1is suspensos. Ninguno de vosotros pregunt\u00f3 por qu\u00e9 necesitamos una tuber\u00eda semejante, la sangre de qui\u00e9n la llenar\u00e1, y ante todo por qu\u00e9 se pondr\u00e1 en funcionamiento.<\/p><\/blockquote>\n<p>Todo por los profesores pero sin contar con los profesores est\u00e1 abocado al fracaso.<br \/>\nRecomiendo la lectura <a href=\"http:\/\/elbonia.cent.uji.es\/jordi\/2009\/05\/01\/zapatero-se-equivoca\/\">del comentario que al respecto ha relizado en su blog el profesor Jordi Adell<\/a> persona con la que el ministerio deber\u00eda contar como asesor a la hora de cambiar los obsoletos esquemas del sistema educativo espa\u00f1ol.<br \/>\nSeguro que la editorial Santillana propietar\u00eda del diario El Pa\u00eds no est\u00e1 muy de acuerdo con mi recomendaci\u00f3n<\/p>\n","protected":false},"excerpt":{"rendered":"<p>ue<\/p>\n","protected":false},"author":1,"featured_media":0,"comment_status":"open","ping_status":"open","sticky":false,"template":"","format":"standard","meta":{"footnotes":""},"categories":[17,19,18],"tags":[],"class_list":["post-2084","post","type-post","status-publish","format-standard","hentry","category-articulos","category-educacion","category-tic"],"_links":{"self":[{"href":"http:\/\/aula21.net\/aulablog21\/wp-json\/wp\/v2\/posts\/2084","targetHints":{"allow":["GET"]}}],"collection":[{"href":"http:\/\/aula21.net\/aulablog21\/wp-json\/wp\/v2\/posts"}],"about":[{"href":"http:\/\/aula21.net\/aulablog21\/wp-json\/wp\/v2\/types\/post"}],"author":[{"embeddable":true,"href":"http:\/\/aula21.net\/aulablog21\/wp-json\/wp\/v2\/users\/1"}],"replies":[{"embeddable":true,"href":"http:\/\/aula21.net\/aulablog21\/wp-json\/wp\/v2\/comments?post=2084"}],"version-history":[{"count":0,"href":"http:\/\/aula21.net\/aulablog21\/wp-json\/wp\/v2\/posts\/2084\/revisions"}],"wp:attachment":[{"href":"http:\/\/aula21.net\/aulablog21\/wp-json\/wp\/v2\/media?parent=2084"}],"wp:term":[{"taxonomy":"category","embeddable":true,"href":"http:\/\/aula21.net\/aulablog21\/wp-json\/wp\/v2\/categories?post=2084"},{"taxonomy":"post_tag","embeddable":true,"href":"http:\/\/aula21.net\/aulablog21\/wp-json\/wp\/v2\/tags?post=2084"}],"curies":[{"name":"wp","href":"https:\/\/api.w.org\/{rel}","templated":true}]}}