{"id":2095,"date":"2009-05-06T21:06:15","date_gmt":"2009-05-06T20:06:15","guid":{"rendered":"http:\/\/aula21.net\/aulablog21\/?p=2095"},"modified":"2009-05-07T09:26:49","modified_gmt":"2009-05-07T08:26:49","slug":"salimos-en-la-gaceta-de-la-educacion","status":"publish","type":"post","link":"http:\/\/aula21.net\/aulablog21\/archives\/2009\/05\/06\/salimos-en-la-gaceta-de-la-educacion\/","title":{"rendered":"Salimos en la Gaceta de la Educaci\u00f3n"},"content":{"rendered":"<p><!--adsense--><br \/>\nLa Gaceta de la Educaci\u00f3n es una publicaci\u00f3n mensual de la Consejer\u00eda de Educaci\u00f3n de la Junta de Extremadura, existe en formato papel<a href=\"http:\/\/www.educarex.es\/lagaceta\/?p=480\"> y en versi\u00f3n digital.<\/a><\/p>\n<p>En el \u00faltimo n\u00famero (n\u00ba 131 de Abril 2009) aparecen dos art\u00edculos que les envi\u00e9:<\/p>\n<ul>\n<li><a class=\"imp2\" href=\"http:\/\/www.educarex.es\/lagaceta\/?s=10&amp;p=502#ct1084\">Alumnos de Almendralejo, los juglares del siglo XXI<\/a><\/li>\n<li><a class=\"imp2\" href=\"http:\/\/www.educarex.es\/lagaceta\/?s=10&amp;p=503#ct1086\">Tres docentes exponen su trabajo con alumnos de Diversificaci\u00f3n en Madrid<\/a><\/li>\n<\/ul>\n<p>La versi\u00f3n on line ha mejorado mucho y tiene un atractivo formato, <a href=\"http:\/\/www.educarex.es\/lagaceta\/?o=hem\">desde esta p\u00e1gina<\/a> podemos consultar n\u00fameros anteriores, todos los meses publican interesantes experiencias llevadas a cabo por docentes extreme\u00f1os y otros art\u00edculos relacionados con la educaci\u00f3n.<\/p>\n<p>Agradezco a Maite Vega el inter\u00e9s que se ha tomado para que las experiencias con los alumnos de diversificaci\u00f3n llevadas a cabo sean difundidas.<\/p>\n<p>Para mi ha tenido un valor sentimental especial pues han publicado una foto en la que aparece mi padre ya fallecido junto a Pepe Diaz Ambrona y los tres poetas cuyos poemas declamaron y grabaron en mp3 los alumnos .<\/p>\n<p><a href=\"http:\/\/aula21.net\/aulablog21\/wp-content\/uploads\/2009\/05\/11-2-poetasyarsenio.jpg\"><img loading=\"lazy\" decoding=\"async\" class=\"alignnone size-full wp-image-2096\" title=\"11-2-poetasyarsenio\" src=\"http:\/\/aula21.net\/aulablog21\/wp-content\/uploads\/2009\/05\/11-2-poetasyarsenio.jpg\" alt=\"\" width=\"400\" height=\"239\" srcset=\"http:\/\/aula21.net\/aulablog21\/wp-content\/uploads\/2009\/05\/11-2-poetasyarsenio.jpg 400w, http:\/\/aula21.net\/aulablog21\/wp-content\/uploads\/2009\/05\/11-2-poetasyarsenio-300x179.jpg 300w\" sizes=\"auto, (max-width: 400px) 100vw, 400px\" \/><\/a><\/p>\n<p>Lo que no han publicado es el pie de foto que les envi\u00e9, el cual estaba manuscrito en el reverso de la misma:<\/p>\n<blockquote><p>\nFoto* tomada en 1972. En el centro\u00a0 el abogado Jos\u00e9 D\u00edaz Ambrona, que asesor\u00f3 a Lu\u00eds \u00c1lvarez Lencero en la redacci\u00f3n del pliego de descargo contra la censura franquista. A la derecha de D\u00edaz Ambrona Lu\u00eds \u00c1lvarez Lencero y Manuel Pacheco, A su izquierda Jes\u00fas Delgado Valhondo y Arsenio Mu\u00f1oz de la Pe\u00f1a maestro y escritor.<br \/>\nEn el reverso de la foto Arsenio Mu\u00f1oz de la Pe\u00f1a le escribi\u00f3 a Lu\u00eds \u00c1lvarez Lencero el siguiente texto:<\/p>\n<p>\u00abBadajoz, 11-11-72. Para Lu\u00eds \u00c1lvarez Lencero &#8211;\u00e1rbol ca\u00eddo y estrella futura en su cenit, salina te\u00f1ida y carne empapada en nuestra amistad eterno poeta que enlaza con Cristo y Miguel Hern\u00e1ndez, y un fuerte abrazo de entusiasmo, esperanza y fe.\n<\/p><\/blockquote>\n<p>Tuve el placer de conocerlos en vida de mi padre y de disfrutar en ocasiones de su conversaci\u00f3n.<br \/>\nDon Arsenio fue un buen maestro y un magn\u00edfico escritor y sobre todo fue mi maestro, esto es un peque\u00f1o homenaje que le deb\u00eda.<\/p>\n","protected":false},"excerpt":{"rendered":"<p>La Gaceta de la Educaci\u00f3n es una publicaci\u00f3n mensual de la Consejer\u00eda de Educaci\u00f3n de la Junta de Extremadura, existe en formato papel y en versi\u00f3n digital. En el \u00faltimo n\u00famero (n\u00ba 131 de Abril 2009) aparecen dos art\u00edculos que les envi\u00e9: Alumnos de Almendralejo, los juglares del siglo XXI Tres docentes exponen su trabajo [&hellip;]<\/p>\n","protected":false},"author":1,"featured_media":0,"comment_status":"open","ping_status":"open","sticky":false,"template":"","format":"standard","meta":{"footnotes":""},"categories":[8,29,7,28],"tags":[],"class_list":["post-2095","post","type-post","status-publish","format-standard","hentry","category-educacion_e_internet","category-lecturas","category-personal","category-web20"],"_links":{"self":[{"href":"http:\/\/aula21.net\/aulablog21\/wp-json\/wp\/v2\/posts\/2095","targetHints":{"allow":["GET"]}}],"collection":[{"href":"http:\/\/aula21.net\/aulablog21\/wp-json\/wp\/v2\/posts"}],"about":[{"href":"http:\/\/aula21.net\/aulablog21\/wp-json\/wp\/v2\/types\/post"}],"author":[{"embeddable":true,"href":"http:\/\/aula21.net\/aulablog21\/wp-json\/wp\/v2\/users\/1"}],"replies":[{"embeddable":true,"href":"http:\/\/aula21.net\/aulablog21\/wp-json\/wp\/v2\/comments?post=2095"}],"version-history":[{"count":0,"href":"http:\/\/aula21.net\/aulablog21\/wp-json\/wp\/v2\/posts\/2095\/revisions"}],"wp:attachment":[{"href":"http:\/\/aula21.net\/aulablog21\/wp-json\/wp\/v2\/media?parent=2095"}],"wp:term":[{"taxonomy":"category","embeddable":true,"href":"http:\/\/aula21.net\/aulablog21\/wp-json\/wp\/v2\/categories?post=2095"},{"taxonomy":"post_tag","embeddable":true,"href":"http:\/\/aula21.net\/aulablog21\/wp-json\/wp\/v2\/tags?post=2095"}],"curies":[{"name":"wp","href":"https:\/\/api.w.org\/{rel}","templated":true}]}}