{"id":2120,"date":"2009-05-19T20:53:00","date_gmt":"2009-05-19T19:53:00","guid":{"rendered":"http:\/\/aula21.net\/aulablog21\/?p=2120"},"modified":"2009-05-20T21:53:09","modified_gmt":"2009-05-20T20:53:09","slug":"educcontic-un-ilusionante-nuevo-proyecto","status":"publish","type":"post","link":"http:\/\/aula21.net\/aulablog21\/archives\/2009\/05\/19\/educcontic-un-ilusionante-nuevo-proyecto\/","title":{"rendered":"Educ@conTic un ilusionante nuevo proyecto"},"content":{"rendered":"<p>Desde hace diez d\u00edas pertenezco al equipo de <a href=\"http:\/\/www.educacontic.es\/\"><strong>Educ@conTic<\/strong><\/a> un nuevo espacio web colaborativo promovido por<a href=\"http:\/\/www.educacontic.es\/\"> Red.es y diversos ministerios<\/a>.<\/p>\n<p style=\"text-align: center;\"><a title=\"educ@conTIC, el uso de las TIC en las aulas\" href=\"http:\/\/www.educacontic.es\"><img decoding=\"async\" class=\"aligncenter\" src=\"http:\/\/www.educacontic.es\/sites\/all\/themes\/iea\/img\/banners\/educacontic-468x60-borde.gif\" alt=\"educ@conTIC\" \/><\/a><\/p>\n<p>De momento mis compa\u00f1eros son personas muy apreciadas, conocidas y valiosas entre los docentes que consideran que una educaci\u00f3n de calidad en el siglo XXI\u00a0 ha de emplear de modo habitual las herramientas que la tecnolog\u00eda digital nos ofrece, ellos son: <a href=\"http:\/\/www.adelat.org\/\">Anibal de la Torre<\/a> profesor del IES Antonio Gala de Palma (coordinador del grupo), <a href=\"https:\/\/sites.google.com\/site\/piefantastic\/\">Maria Jes\u00fas Rodriguez<\/a> profesora del Colegio  Hispania de Cartagena\u00a0 y <a href=\"http:\/\/www.pizarrasinteractivas-recursos.net\/\">Salvador Llopis<\/a> profesor de dibujo del IES Valle del Ti\u00e9tar de Arenas de San Pedro.<\/p>\n<p>Hemos comenzado con muchas ganas e ilusi\u00f3n, es nuestro deseo e intenci\u00f3n facilitar el camino a todos los docentes que quieran conocer nuevos recursos, herramientas y materiales que les ayuden a lograr que la revoluci\u00f3n metodol\u00f3gica que se avecina penetre en sus aulas.<\/p>\n<p>Es un placer despu\u00e9s de tantos a\u00f1os de \u00absoledad\u00bb compartir un espacio colaborativo con gente tan buena y valiosa.<\/p>\n<p>No dejes de <a href=\"http:\/\/feeds2.feedburner.com\/educacontic\">suscribirte al RSS <\/a>de\u00a0 <a href=\"http:\/\/www.educacontic.es\/\"><strong>Educ@conTic<\/strong><\/a> para estar al d\u00eda de las novedades.<\/p>\n<p>Poquito a poco iremos introduciendo nuevas funcionalidades para lograr que <a href=\"http:\/\/www.educacontic.es\/\"><strong>Educ@conTic<\/strong><\/a> se convierta en un referente a nivel nacional, como bien dice An\u00edbal \u00abdespacito y buena letra\u00bb, esta semana han sido publicados diversos art\u00edculos que esperamos sean de vuestro agrado.<\/p>\n<ul>\n<li> <a href=\"http:\/\/www.educacontic.es\/blog\/nada-hay-mas-sencillo-que-crear-un-blog-de-aula-en-posterous\" target=\"_blank\">Nada hay m\u00e1s sencillo que crear un blog de aula en Posterous<\/a><\/li>\n<li> <a href=\"http:\/\/www.educacontic.es\/blog\/algunas-consideraciones-al-programar-actividades-tic\" target=\"_blank\">Algunas consideraciones al programar actividades TIC<\/a><\/li>\n<li> <a href=\"http:\/\/www.educacontic.es\/blog\/premios-espiral-los-mejores-blogs-educativos\" target=\"_blank\">Premios Espiral a los mejores blogs educativos<\/a><\/li>\n<li> <a href=\"http:\/\/www.educacontic.es\/blog\/el-telefono-movil-como-herramienta-pedagogica\" target=\"_blank\">El tel\u00e9fono m\u00f3vil como herramienta pedag\u00f3gica<\/a><\/li>\n<li> <a href=\"http:\/\/www.educacontic.es\/blog\/contenidos-educativos-digitales-educarex\" target=\"_blank\">Contenidos Educativos Digitales \u2013 EDUCAR.EX<\/a><\/li>\n<li> <a title=\"Ir a Premios ISFTIC 2009 a materiales curriculares, blogs y WebQuests \" href=\"http:\/\/www.educacontic.es\/blog\/premios-isftic-2009-materiales-curriculares-blogs-y-webquests\">Premios ISFTIC 2009 a materiales curriculares, blogs y WebQuests<\/a><\/li>\n<\/ul>\n<p>L\u00f3gicamente mientras pertenezca a este equipo escribir\u00e9 menos en aulablog21 pues m\u00e1s tiempo ya no puedo dedicar a mi afici\u00f3n y pasi\u00f3n, pero lo que all\u00ed publique ser\u00e1 semanalmente referenciado aqu\u00ed.<\/p>\n<p>Una \u00faltima reflexi\u00f3n sin acritud que en estos momentos se viene a mi mente para qui\u00e9n la quiere entender: no he sido profeta en mi tierra pero tengo la satisfacci\u00f3n de serlo en mi pa\u00eds.<\/p>\n<p>Para terminar deciros que los materiales del Congreso Internet en el Aula celebrado el pasado curso est\u00e1n desde hoy disponibles <a href=\"http:\/\/memoria.congresointernetenelaula.es\/virtual\/\">en esta nueva direcci\u00f3n <\/a>que forma parte de nuestro nuevo proyecto.<\/p>\n<p>Durante el Congreso escrib\u00ed del orden de 50 art\u00edculos <a href=\"http:\/\/memoria.congresointernetenelaula.es\/virtual\/?q=blog\/6178\">acerca de los wikis en este blog<\/a>.<\/p>\n","protected":false},"excerpt":{"rendered":"<p>Desde hace diez d\u00edas pertenezco al equipo de Educ@conTic un nuevo espacio web colaborativo promovido por Red.es y diversos ministerios. De momento mis compa\u00f1eros son personas muy apreciadas, conocidas y valiosas entre los docentes que consideran que una educaci\u00f3n de calidad en el siglo XXI\u00a0 ha de emplear de modo habitual las herramientas que la [&hellip;]<\/p>\n","protected":false},"author":1,"featured_media":0,"comment_status":"open","ping_status":"open","sticky":false,"template":"","format":"standard","meta":{"footnotes":""},"categories":[8,7,18,28,2],"tags":[],"class_list":["post-2120","post","type-post","status-publish","format-standard","hentry","category-educacion_e_internet","category-personal","category-tic","category-web20","category-weblogs_en_el_aula"],"_links":{"self":[{"href":"http:\/\/aula21.net\/aulablog21\/wp-json\/wp\/v2\/posts\/2120","targetHints":{"allow":["GET"]}}],"collection":[{"href":"http:\/\/aula21.net\/aulablog21\/wp-json\/wp\/v2\/posts"}],"about":[{"href":"http:\/\/aula21.net\/aulablog21\/wp-json\/wp\/v2\/types\/post"}],"author":[{"embeddable":true,"href":"http:\/\/aula21.net\/aulablog21\/wp-json\/wp\/v2\/users\/1"}],"replies":[{"embeddable":true,"href":"http:\/\/aula21.net\/aulablog21\/wp-json\/wp\/v2\/comments?post=2120"}],"version-history":[{"count":0,"href":"http:\/\/aula21.net\/aulablog21\/wp-json\/wp\/v2\/posts\/2120\/revisions"}],"wp:attachment":[{"href":"http:\/\/aula21.net\/aulablog21\/wp-json\/wp\/v2\/media?parent=2120"}],"wp:term":[{"taxonomy":"category","embeddable":true,"href":"http:\/\/aula21.net\/aulablog21\/wp-json\/wp\/v2\/categories?post=2120"},{"taxonomy":"post_tag","embeddable":true,"href":"http:\/\/aula21.net\/aulablog21\/wp-json\/wp\/v2\/tags?post=2120"}],"curies":[{"name":"wp","href":"https:\/\/api.w.org\/{rel}","templated":true}]}}