{"id":2187,"date":"2009-07-28T16:46:50","date_gmt":"2009-07-28T15:46:50","guid":{"rendered":"http:\/\/aula21.net\/aulablog21\/?p=2187"},"modified":"2009-07-28T16:56:52","modified_gmt":"2009-07-28T15:56:52","slug":"videos-del-encuentro-escuela-20","status":"publish","type":"post","link":"http:\/\/aula21.net\/aulablog21\/archives\/2009\/07\/28\/videos-del-encuentro-escuela-20\/","title":{"rendered":"V\u00eddeos del Encuentro Escuela 2.0"},"content":{"rendered":"<p>Junto a mis compa\u00f1eras Carmen Luisa y Hortensia Font\u00e1n tuve el honor y el placer de ser invitado a presentar <a href=\"http:\/\/bibliotecaiescarolina.wordpress.com\/\" target=\"_blank\">el blog de la Biblioteca de nuestro centro <\/a>y los trabajos que durante los tres \u00faltimos cursos hemos llevado a cabo con los alumnos de Diversificaci\u00f3n al encuentro Escuela 2.0 que tuvo lugar el pasado d\u00eda 24 de Marzo en Madrid, dicho encuentro fue organizado por el <a href=\"http:\/\/www.cnice.mec.es\/\" target=\"_blank\">Instituto Superior de Formaci\u00f3n y Recursos en Red para el Profesorado (ISFTIC)<\/a> del <a href=\"http:\/\/www.mepsyd.es\/\" target=\"_blank\">Ministerio de Educaci\u00f3n, Pol\u00edtica Social y Deporte<\/a><\/p>\n<p>Sobre el mismo ya <a href=\"http:\/\/aula21.net\/aulablog21\/archives\/2009\/03\/26\/cronica-del-encuentro-de-experiencias-escuela-20-en-el-isftic\/\">publique en su d\u00eda un extenso art\u00edculo en este blog<\/a>, hoy quiero mostraros un resumen de nuestra intervenci\u00f3n en v\u00eddeo que ha sido publicado <a href=\"http:\/\/www.isftic.mepsyd.es\/w3\/novedades\/eee20\/intro.html\" target=\"_blank\">en la web del Ministerio de Educaci\u00f3n<\/a> y en diversos blogs.<\/p>\n<p>Todos los v\u00eddeos del encuentro han sido publicados y comentados por Jose Antonio Salguero (coordinador de la red HEDA)\u00a0 <a href=\"http:\/\/blogs.isftic.mepsyd.es\/heda\/index.php\/escuela2\/\" target=\"_blank\">en el Blog de Heda<\/a> en el cual tambi\u00e9n colaboro.<\/p>\n<p style=\"text-align: center;\"><a href=\"http:\/\/blogs.isftic.mepsyd.es\/heda\/index.php\/2009\/07\/27\/web-2-0-dinamizacion-de-la-biblioteca-es\" target=\"_blank\"><img decoding=\"async\" class=\"alignnone aligncenter\" style=\"border: 1px solid black; vertical-align: middle;\" src=\"http:\/\/aula21.net\/aulablog21\/wp-content\/uploads\/2009\/07\/video-ee20.png\" alt=\"\" \/><\/a><\/p>\n<p><a href=\"http:\/\/blogs.isftic.mepsyd.es\/heda\/index.php\"><strong>Heda<\/strong> (<em>Hermanamientos Escolares Desde las Aulas<\/em>) <\/a>es una red de profesoras y profesores interesados en incorporar las TIC como medio did\u00e1ctico, ofreciendo no solo un lugar de encuentro, sino tambi\u00e9n un conjunto de servicios que permita al profesorado explorar, innovar e investigar nuevos enfoques metodol\u00f3gicos con nuevas herramientas did\u00e1cticas, como los trabajos de colaboraci\u00f3n, tanto entre profesores como entre alumnos, la utilizaci\u00f3n de servicios sociales de la denominada web 2.0, la participaci\u00f3n en proyectos nacionales e internacionales utilizando las TIC, la divulgaci\u00f3n de la participaci\u00f3n en jornadas y congresos en torno a estos temas, recogiendo todas las iniciativas que favorezcan la innovaci\u00f3n e investigaci\u00f3n en las aulas.<\/p>\n","protected":false},"excerpt":{"rendered":"<p>Junto a mis compa\u00f1eras Carmen Luisa y Hortensia Font\u00e1n tuve el honor y el placer de ser invitado a presentar el blog de la Biblioteca de nuestro centro y los trabajos que durante los tres \u00faltimos cursos hemos llevado a cabo con los alumnos de Diversificaci\u00f3n al encuentro Escuela 2.0 que tuvo lugar el pasado [&hellip;]<\/p>\n","protected":false},"author":1,"featured_media":0,"comment_status":"open","ping_status":"open","sticky":false,"template":"","format":"standard","meta":{"footnotes":""},"categories":[37,25,7,20,28,2,16],"tags":[],"class_list":["post-2187","post","type-post","status-publish","format-standard","hentry","category-colaboraciones","category-eventos","category-personal","category-video","category-web20","category-weblogs_en_el_aula","category-wikis"],"_links":{"self":[{"href":"http:\/\/aula21.net\/aulablog21\/wp-json\/wp\/v2\/posts\/2187","targetHints":{"allow":["GET"]}}],"collection":[{"href":"http:\/\/aula21.net\/aulablog21\/wp-json\/wp\/v2\/posts"}],"about":[{"href":"http:\/\/aula21.net\/aulablog21\/wp-json\/wp\/v2\/types\/post"}],"author":[{"embeddable":true,"href":"http:\/\/aula21.net\/aulablog21\/wp-json\/wp\/v2\/users\/1"}],"replies":[{"embeddable":true,"href":"http:\/\/aula21.net\/aulablog21\/wp-json\/wp\/v2\/comments?post=2187"}],"version-history":[{"count":0,"href":"http:\/\/aula21.net\/aulablog21\/wp-json\/wp\/v2\/posts\/2187\/revisions"}],"wp:attachment":[{"href":"http:\/\/aula21.net\/aulablog21\/wp-json\/wp\/v2\/media?parent=2187"}],"wp:term":[{"taxonomy":"category","embeddable":true,"href":"http:\/\/aula21.net\/aulablog21\/wp-json\/wp\/v2\/categories?post=2187"},{"taxonomy":"post_tag","embeddable":true,"href":"http:\/\/aula21.net\/aulablog21\/wp-json\/wp\/v2\/tags?post=2187"}],"curies":[{"name":"wp","href":"https:\/\/api.w.org\/{rel}","templated":true}]}}