{"id":2191,"date":"2009-08-16T17:23:43","date_gmt":"2009-08-16T16:23:43","guid":{"rendered":"http:\/\/aula21.net\/aulablog21\/?p=2191"},"modified":"2009-08-23T00:23:01","modified_gmt":"2009-08-22T23:23:01","slug":"novedades-en-educcontic","status":"publish","type":"post","link":"http:\/\/aula21.net\/aulablog21\/archives\/2009\/08\/16\/novedades-en-educcontic\/","title":{"rendered":"Novedades en educ@contic"},"content":{"rendered":"<p>En la secci\u00f3n de <a href=\"http:\/\/www.educacontic.es\/recursos\" target=\"_blank\">Recursos<\/a> recientemente inaugurada en educ@contic, en el apartado <a href=\"http:\/\/didacticatic.educacontic.es\/didacticatic\/home.jsp\" target=\"_blank\">Did\u00e1cticaTIC<\/a>, adem\u00e1s de incluir materiales formativos <a href=\"http:\/\/didacticatic.educacontic.es\/didacticatic\/catalogo.jsp?Iddirectorio=1\" target=\"_blank\">catalogados por niveles o por perfiles<\/a>, se incluye una serie de <a href=\"http:\/\/didacticatic.educacontic.es\/didacticatic\/catalogo.jsp?idapr=null&amp;idcategoria=3&amp;padre=3&amp;Iddirectorio=1\" target=\"_blank\">minitutoriales de herramientas TIC<\/a>, todos de licencia abierta, que pueden ayudarnos a conocer dichas herramientas para que puedan ser usadas en el aula.<\/p>\n<p style=\"text-align: center;\"><a href=\"http:\/\/www.educacontic.es\/blog\/minitutoriales-de-herramientas-tic\" target=\"_blank\"><img loading=\"lazy\" decoding=\"async\" style=\"border: 1px solid black;\" src=\"http:\/\/www.educacontic.es\/sites\/default\/files\/blog\/598\/minitutoriales2.png\" alt=\"\" width=\"500\" height=\"223\" \/><\/a><\/p>\n<p>A pesar de estar de vacaciones he publicado en educ@contic <a href=\"http:\/\/www.educacontic.es\/blog\/conversaciones-colaborativas-multimedia-con-voicethread\" target=\"_blank\">un art\u00edculo sobre VoiceThread<\/a>, una revolucionaria herramienta en l\u00ednea que nos permite crear \u00e1lbumes multimedia en los que podemos insertar documentos (PDF, Microsoft Word, Excel, and PowerPoint), im\u00e1genes, audio y v\u00eddeo con el valor a\u00f1adido  de que quienes lo visitan pueden dejar a su vez comentarios de voz mediante un micr\u00f3fono, de v\u00eddeo a trav\u00e9s de la webcam o de texto a trav\u00e9s del teclado pudiendo adem\u00e1s dibujar con un l\u00e1piz sobre las diapositivas  y sobre los v\u00eddeos en pausa.<\/p>\n","protected":false},"excerpt":{"rendered":"<p>En la secci\u00f3n de Recursos recientemente inaugurada en educ@contic, en el apartado Did\u00e1cticaTIC, adem\u00e1s de incluir materiales formativos catalogados por niveles o por perfiles, se incluye una serie de minitutoriales de herramientas TIC, todos de licencia abierta, que pueden ayudarnos a conocer dichas herramientas para que puedan ser usadas en el aula. A pesar de [&hellip;]<\/p>\n","protected":false},"author":1,"featured_media":0,"comment_status":"open","ping_status":"open","sticky":false,"template":"","format":"standard","meta":{"footnotes":""},"categories":[37,14,28],"tags":[],"class_list":["post-2191","post","type-post","status-publish","format-standard","hentry","category-colaboraciones","category-recursos-variados","category-web20"],"_links":{"self":[{"href":"http:\/\/aula21.net\/aulablog21\/wp-json\/wp\/v2\/posts\/2191","targetHints":{"allow":["GET"]}}],"collection":[{"href":"http:\/\/aula21.net\/aulablog21\/wp-json\/wp\/v2\/posts"}],"about":[{"href":"http:\/\/aula21.net\/aulablog21\/wp-json\/wp\/v2\/types\/post"}],"author":[{"embeddable":true,"href":"http:\/\/aula21.net\/aulablog21\/wp-json\/wp\/v2\/users\/1"}],"replies":[{"embeddable":true,"href":"http:\/\/aula21.net\/aulablog21\/wp-json\/wp\/v2\/comments?post=2191"}],"version-history":[{"count":0,"href":"http:\/\/aula21.net\/aulablog21\/wp-json\/wp\/v2\/posts\/2191\/revisions"}],"wp:attachment":[{"href":"http:\/\/aula21.net\/aulablog21\/wp-json\/wp\/v2\/media?parent=2191"}],"wp:term":[{"taxonomy":"category","embeddable":true,"href":"http:\/\/aula21.net\/aulablog21\/wp-json\/wp\/v2\/categories?post=2191"},{"taxonomy":"post_tag","embeddable":true,"href":"http:\/\/aula21.net\/aulablog21\/wp-json\/wp\/v2\/tags?post=2191"}],"curies":[{"name":"wp","href":"https:\/\/api.w.org\/{rel}","templated":true}]}}