{"id":2212,"date":"2009-09-02T16:29:10","date_gmt":"2009-09-02T15:29:10","guid":{"rendered":"http:\/\/aula21.net\/aulablog21\/?p=2212"},"modified":"2009-09-02T19:51:29","modified_gmt":"2009-09-02T18:51:29","slug":"eda2010-experimentacion-didactica","status":"publish","type":"post","link":"http:\/\/aula21.net\/aulablog21\/archives\/2009\/09\/02\/eda2010-experimentacion-didactica\/","title":{"rendered":"eda2010. Experimentaci\u00f3n did\u00e1ctica en el aula"},"content":{"rendered":"<table border=\"0\" cellspacing=\"1\" cellpadding=\"1\" width=\"470\" align=\"center\">\n<tbody>\n<tr>\n<td><img loading=\"lazy\" decoding=\"async\" src=\"http:\/\/blogs.isftic.mepsyd.es\/heda\/media\/blogs\/blog\/imagenes_2010\/eda2010.png\" alt=\"Experimentaci\u00f3n DidacTICa en el Aula 2009\" width=\"469\" height=\"101\" \/><\/td>\n<\/tr>\n<tr>\n<td style=\"text-align: justify;\"><span style=\"font-family: Trebuchet MS; font-size: small;\"> Desde las 12:00 del d\u00eda 1 de septiembre hasta las 14:00 del d\u00eda 15, estar\u00e1 abierto el plazo de inscripci\u00f3n en <strong>EDA <\/strong>a trav\u00e9s de la p\u00e1gina de <a href=\"http:\/\/www.isftic.mepsyd.es\/formacion\/enred\/inscripciones.php\" target=\"_blank\">Formaci\u00f3n en Red del ITE<\/a> (Instituto de Tecnolog\u00edas Educativas, nueva denominaci\u00f3n del ISFTIC), con la oferta de los cursos que se relacionan:<\/span><\/p>\n<hr \/>\n<\/td>\n<\/tr>\n<tr>\n<td>\n<table border=\"0\" cellspacing=\"1\" cellpadding=\"1\" width=\"450\" align=\"center\">\n<tbody>\n<tr>\n<td bgcolor=\"#ffffcc\"><span style=\"font-family: Trebuchet MS; font-size: small;\"> <\/span><a href=\"http:\/\/www.isftic.mepsyd.es\/formacion\/enred\/formamos\/c_descartes_b.php\" target=\"_blank\">Descartes B\u00e1sico<\/a> (1\u00aa fase de EDA)<\/td>\n<td bgcolor=\"#ffffcc\"><a href=\"http:\/\/www.isftic.mepsyd.es\/formacion\/enred\/formamos\/preinscripcion_abierto_septiembre_2009.php\" target=\"_blank\">Formulario de inscripci\u00f3n<\/a><\/td>\n<\/tr>\n<tr>\n<td bgcolor=\"#ffffcc\"><a href=\"http:\/\/www.isftic.mepsyd.es\/formacion\/enred\/formamos\/c_descartes.php\" target=\"_blank\">Descartes 2<\/a> (1\u00aa fase de EDA)<\/td>\n<td bgcolor=\"#ffffcc\"><a href=\"http:\/\/www.isftic.mepsyd.es\/formacion\/enred\/formamos\/preinscripcion_abierto_septiembre_2009.php\" target=\"_blank\">Formulario de inscripci\u00f3n<\/a><\/td>\n<\/tr>\n<tr>\n<td bgcolor=\"#ffffcc\"><a href=\"http:\/\/www.isftic.mepsyd.es\/formacion\/enred\/formamos\/c_newton_basico.php\" target=\"_blank\">Newton B\u00e1sico<\/a> (1\u00aa fase de EDA)<\/td>\n<td bgcolor=\"#ffffcc\"><a href=\"http:\/\/www.isftic.mepsyd.es\/formacion\/enred\/formamos\/preinscripcion_abierto_septiembre_2009.php\" target=\"_blank\">Formulario de inscripci\u00f3n<\/a><\/td>\n<\/tr>\n<tr>\n<td bgcolor=\"#ffffcc\"><a href=\"http:\/\/www.isftic.mepsyd.es\/formacion\/enred\/formamos\/c_newton.php\" target=\"_blank\">Newton Avanzado<\/a> (1\u00aa fase de EDA)<\/td>\n<td bgcolor=\"#ffffcc\"><a href=\"http:\/\/www.isftic.mepsyd.es\/formacion\/enred\/formamos\/preinscripcion_abierto_septiembre_2009.php\" target=\"_blank\">Formulario de inscripci\u00f3n<\/a><\/td>\n<\/tr>\n<tr>\n<td bgcolor=\"#ffffcc\"><a href=\"http:\/\/www.isftic.mepsyd.es\/formacion\/enred\/formamos\/c_malted.php\" target=\"_blank\">Malted B\u00e1sico<\/a> (1\u00aa fase de EDA)<\/td>\n<td bgcolor=\"#ffffcc\"><a href=\"http:\/\/www.isftic.mepsyd.es\/formacion\/enred\/formamos\/preinscripcion_abierto_septiembre_2009.php\" target=\"_blank\">Formulario de inscripci\u00f3n<\/a><\/td>\n<\/tr>\n<tr>\n<td bgcolor=\"#ffffcc\"><a href=\"http:\/\/www.isftic.mepsyd.es\/formacion\/enred\/formamos\/c_malted.php\" target=\"_blank\">Malted Avanzado<\/a> (1\u00aa fase de EDA)<\/td>\n<td bgcolor=\"#ffffcc\"><a href=\"http:\/\/www.isftic.mepsyd.es\/formacion\/enred\/formamos\/preinscripcion_abierto_septiembre_2009.php\" target=\"_blank\">Formulario de inscripci\u00f3n<\/a><\/td>\n<\/tr>\n<\/tbody>\n<\/table>\n<\/td>\n<\/tr>\n<tr>\n<td style=\"text-align: justify;\">\n<hr \/>\n<p><span style=\"font-family: Trebuchet MS; font-size: small;\">Estos cursos constituyen  la fase inicial de un plan de ayuda a la  experimentaci\u00f3n e innovaci\u00f3n que  pretende fomentar la utilizaci\u00f3n de las TIC como recurso did\u00e1ctico, y que consta  de dos fases:<\/span><\/p>\n<ul>\n<li><strong><span style=\"text-decoration: underline;\"><em><span style=\"font-family: Trebuchet MS; font-size: small;\">Primera fase<\/span><\/em><\/span><\/strong><span style=\"font-family: Trebuchet MS; font-size: small;\">: Conocimiento, acceso, an\u00e1lisis y adaptaci\u00f3n de los materiales did\u00e1cticos disponibles.<\/span><\/li>\n<li><span style=\"text-decoration: underline;\"><em><strong><span style=\"font-family: Trebuchet MS; font-size: small;\">Segunda fase<\/span><\/strong><\/em><\/span><span style=\"font-family: Trebuchet MS; font-size: small;\">: Desarrollo de la experimentaci\u00f3n en el aula, y se invitar\u00e1 a participar \u00fanicamente a los que finalicen la primera.<\/span><\/li>\n<p><span style=\"font-family: Trebuchet MS; font-size: small;\"> <\/span><\/ul>\n<p><span style=\"font-family: Trebuchet MS; font-size: small;\"> <\/span><\/td>\n<\/tr>\n<tr>\n<td style=\"text-align: justify;\"><span style=\"font-family: Trebuchet MS; font-size: small;\">Las solicitudes de inscripci\u00f3n se atienden por <strong>riguroso orden de  entrada<\/strong> en la plataforma. Para tener las m\u00e1ximas posibilidades de ser  admitido en un determinado curso es muy importante <strong>elegir el curso que  se desee como primera opci\u00f3n<\/strong>.<\/span><\/p>\n<p><span style=\"font-family: Trebuchet MS; font-size: small;\">Por otra parte, ser\u00e1 imprescindible la cumplimentaci\u00f3n correcta de los datos relativos a  <strong>c\u00f3digo de centro<\/strong>, <strong>n\u00famero de registro personal<\/strong>,  <strong>cuerpo docente<\/strong> (estos dos \u00faltimos en el caso de centros  p\u00fablicos), <strong>especialidad<\/strong>, <strong>provincia<\/strong> y  <strong>Comunidad Aut\u00f3noma<\/strong>.<\/span><\/p>\n<p><span style=\"font-family: Trebuchet MS; font-size: small;\"> <\/span><\/td>\n<\/tr>\n<\/tbody>\n<\/table>\n<p>Fuente: Jose Antonio Salgueiro a trav\u00e9s del <a href=\"http:\/\/blogs.isftic.mepsyd.es\/heda\/\">Blog de Heda<\/a>.<\/p>\n<p>El proyecto <a href=\"http:\/\/descartes.cnice.mec.es\/heda\/\" target=\"_blank\">proyecto HEDA (Hermanamientos Escolares Desde las Aulas)<\/a> en el que tengo el gusto de participar est\u00e1 formado por una red de profesores y profesoras interesados en incorporar las TIC como medio did\u00e1ctico, ofreciendo no solo un lugar de encuentro, sino tambi\u00e9n un conjunto de servicios que permita al profesorado explorar, innovar e investigar nuevos enfoques metodol\u00f3gicos con nuevas herramientas did\u00e1cticas, como los trabajos de colaboraci\u00f3n, tanto entre profesores como entre alumnos, la utilizaci\u00f3n de servicios sociales de la denominada web 2.0, la participaci\u00f3n en proyectos nacionales e internacionales utilizando las TIC, la divulgaci\u00f3n de la participaci\u00f3n en jornadas y congresos en torno a estos temas, recogiendo todas las iniciativas que favorezcan la innovaci\u00f3n e investigaci\u00f3n en las aulas. Sobre el mismo public\u00f3 recientemente un <a href=\"http:\/\/www.educacontic.es\/blog\/proyecto-heda-hermanamientos-escolares-desde-las-aulas\" target=\"_blank\">extenso  y compelto art\u00edculo Juanma D\u00edaz en educ@contic<\/a><\/p>\n","protected":false},"excerpt":{"rendered":"<p>Desde las 12:00 del d\u00eda 1 de septiembre hasta las 14:00 del d\u00eda 15, estar\u00e1 abierto el plazo de inscripci\u00f3n en EDA a trav\u00e9s de la p\u00e1gina de Formaci\u00f3n en Red del ITE (Instituto de Tecnolog\u00edas Educativas, nueva denominaci\u00f3n del ISFTIC), con la oferta de los cursos que se relacionan: Descartes B\u00e1sico (1\u00aa fase de [&hellip;]<\/p>\n","protected":false},"author":1,"featured_media":0,"comment_status":"open","ping_status":"open","sticky":false,"template":"","format":"standard","meta":{"footnotes":""},"categories":[1,18,28],"tags":[],"class_list":["post-2212","post","type-post","status-publish","format-standard","hentry","category-miscelanea","category-tic","category-web20"],"_links":{"self":[{"href":"http:\/\/aula21.net\/aulablog21\/wp-json\/wp\/v2\/posts\/2212","targetHints":{"allow":["GET"]}}],"collection":[{"href":"http:\/\/aula21.net\/aulablog21\/wp-json\/wp\/v2\/posts"}],"about":[{"href":"http:\/\/aula21.net\/aulablog21\/wp-json\/wp\/v2\/types\/post"}],"author":[{"embeddable":true,"href":"http:\/\/aula21.net\/aulablog21\/wp-json\/wp\/v2\/users\/1"}],"replies":[{"embeddable":true,"href":"http:\/\/aula21.net\/aulablog21\/wp-json\/wp\/v2\/comments?post=2212"}],"version-history":[{"count":0,"href":"http:\/\/aula21.net\/aulablog21\/wp-json\/wp\/v2\/posts\/2212\/revisions"}],"wp:attachment":[{"href":"http:\/\/aula21.net\/aulablog21\/wp-json\/wp\/v2\/media?parent=2212"}],"wp:term":[{"taxonomy":"category","embeddable":true,"href":"http:\/\/aula21.net\/aulablog21\/wp-json\/wp\/v2\/categories?post=2212"},{"taxonomy":"post_tag","embeddable":true,"href":"http:\/\/aula21.net\/aulablog21\/wp-json\/wp\/v2\/tags?post=2212"}],"curies":[{"name":"wp","href":"https:\/\/api.w.org\/{rel}","templated":true}]}}