{"id":2282,"date":"2009-10-08T20:15:33","date_gmt":"2009-10-08T19:15:33","guid":{"rendered":"http:\/\/aula21.net\/aulablog21\/?p=2282"},"modified":"2009-10-08T20:43:43","modified_gmt":"2009-10-08T19:43:43","slug":"imaginar-para-emprender-con-las-webquests","status":"publish","type":"post","link":"http:\/\/aula21.net\/aulablog21\/archives\/2009\/10\/08\/imaginar-para-emprender-con-las-webquests\/","title":{"rendered":"Imaginar para Emprender con las Webquests"},"content":{"rendered":"<p>El mes de septiembre he trabajado a fondo preparando mi intervenci\u00f3n en la <a href=\"http:\/\/www.iniciativajoven.org\/es\/gabinete\/noticias\/40131\/\" target=\"_blank\">jornada \u00abIniciativa Emprendedo 8 h\u00bb<\/a> que ayer tuvo lugar en el precioso Palacio de Congresos de M\u00e9rida.<\/p>\n<p>El programa \u2018Imaginar para emprender\u2019, puesto en marcha el pasado curso por la Consejer\u00eda de los J\u00f3venes y el Deporte, a trav\u00e9s del Gabinete de Iniciativa Joven, y la de Educaci\u00f3n en seis centros educativos, se desarrollar\u00e1 este curso 2009-10 en diez colegios m\u00e1s, con los que ser\u00e1 en total 16 los centros que, con la implicaci\u00f3n de sus respectivas comunidades educativas, fomenten la cultura emprendedora, la creatividad y la innovaci\u00f3n entre los alumnos del tercer ciclo de Educaci\u00f3n Primaria.<\/p>\n<p>Con este programa se persigue desarrollar una de las ocho competencias b\u00e1sicas definidas por la Uni\u00f3n Europea, la de competencia emprendedora, ya que \u201ceducar en la iniciativa, la creatividad, la toma de decisiones, en la capacidad para organizar y crear grupos de trabajo y en el trabajo de equipo, debe formar parte de la educaci\u00f3n integral del ciudadano\u201d.<\/p>\n<p>Todos los centros participantes en esta segunda fase tendr\u00e1n que desarrollar cuatro unidades did\u00e1cticas como m\u00ednimo: \u2018Emprender en mi localidad\u2019, sobre el tema An\u00e1lisis y Conocimiento del entorno; \u2018Planeta Ingenio\u2019, sobre el Aprendizaje Cooperativo; \u2018Innovaci\u00f3n Creativa\u2019, sobre el tema Imaginaci\u00f3n aplicada a las ciencias; y \u2018Unidades libres\u2019, sobre la Creatividad Aplicada.<br \/>\nSus responsables me comunicaron que ten\u00edan inter\u00e9s en que los profesores prepararan algunas unidades did\u00e1cticas seg\u00fan el modelo WebQuests y reclamaron mi colaboraci\u00f3n.<br \/>\nPuesto manos a la obra elabor\u00e9 este documento que fue repartido entre los asistentes.<\/p>\n<div><object style=\"width: 420px; height: 594px;\" classid=\"clsid:d27cdb6e-ae6d-11cf-96b8-444553540000\" width=\"100\" height=\"100\" codebase=\"http:\/\/download.macromedia.com\/pub\/shockwave\/cabs\/flash\/swflash.cab#version=6,0,40,0\"><param name=\"allowfullscreen\" value=\"true\" \/><param name=\"menu\" value=\"false\" \/><param name=\"src\" value=\"http:\/\/static.issuu.com\/webembed\/viewers\/style1\/v1\/IssuuViewer.swf?mode=embed&amp;viewMode=presentation&amp;layout=http%3A%2F%2Fskin.issuu.com%2Fv%2Fcolor%2Flayout.xml&amp;backgroundColor=FF6600&amp;showFlipBtn=true&amp;documentId=090925152156-71a5f872e6f54cc0bc4533f7d38f36cd&amp;docName=emprenderconlaswebquests&amp;username=aula21&amp;loadingInfoText=Emprender%20con%20las%20Webquests&amp;et=1253892569822&amp;er=94\" \/><param name=\"flashvars\" value=\"mode=embed&amp;viewMode=presentation&amp;layout=http%3A%2F%2Fskin.issuu.com%2Fv%2Fcolor%2Flayout.xml&amp;backgroundColor=FF6600&amp;showFlipBtn=true&amp;documentId=090925152156-71a5f872e6f54cc0bc4533f7d38f36cd&amp;docName=emprenderconlaswebquests&amp;username=aula21&amp;loadingInfoText=Emprender%20con%20las%20Webquests&amp;et=1253892569822&amp;er=94\" \/><embed style=\"width: 420px; height: 594px;\" type=\"application\/x-shockwave-flash\" width=\"100\" height=\"100\" src=\"http:\/\/static.issuu.com\/webembed\/viewers\/style1\/v1\/IssuuViewer.swf?mode=embed&amp;viewMode=presentation&amp;layout=http%3A%2F%2Fskin.issuu.com%2Fv%2Fcolor%2Flayout.xml&amp;backgroundColor=FF6600&amp;showFlipBtn=true&amp;documentId=090925152156-71a5f872e6f54cc0bc4533f7d38f36cd&amp;docName=emprenderconlaswebquests&amp;username=aula21&amp;loadingInfoText=Emprender%20con%20las%20Webquests&amp;et=1253892569822&amp;er=94\" flashvars=\"mode=embed&amp;viewMode=presentation&amp;layout=http%3A%2F%2Fskin.issuu.com%2Fv%2Fcolor%2Flayout.xml&amp;backgroundColor=FF6600&amp;showFlipBtn=true&amp;documentId=090925152156-71a5f872e6f54cc0bc4533f7d38f36cd&amp;docName=emprenderconlaswebquests&amp;username=aula21&amp;loadingInfoText=Emprender%20con%20las%20Webquests&amp;et=1253892569822&amp;er=94\" menu=\"false\" allowfullscreen=\"true\"><\/embed><\/object><a href=\"http:\/\/issuu.com\/aula21\/docs\/emprenderconlaswebquests?mode=embed&amp;viewMode=presentation&amp;layout=http%3A%2F%2Fskin.issuu.com%2Fv%2Fcolor%2Flayout.xml&amp;backgroundColor=FF6600&amp;showFlipBtn=true\" target=\"_blank\"><\/a><\/div>\n<div><a href=\"http:\/\/issuu.com\/aula21\/docs\/emprenderconlaswebquests?mode=embed&amp;viewMode=presentation&amp;layout=http%3A%2F%2Fskin.issuu.com%2Fv%2Fcolor%2Flayout.xml&amp;backgroundColor=FF6600&amp;showFlipBtn=true\" target=\"_blank\">Open publication<\/a><\/div>\n<p>Asimismo abr\u00ed un  <a href=\"http:\/\/imaginarparaemprender.wikispaces.com\/\" target=\"_self\">Taller actualizado sobre las WebQuests en wikispaces.<\/a><\/p>\n<p style=\"text-align: center;\"><a href=\"http:\/\/imaginarparaemprender.wikispaces.com\/\" target=\"_blank\"><img loading=\"lazy\" decoding=\"async\" class=\"size-medium wp-image-2283 aligncenter\" style=\"border: 2px solid black;\" title=\"Imagen 1\" src=\"http:\/\/aula21.net\/aulablog21\/wp-content\/uploads\/2009\/10\/Imagen-1-300x105.png\" alt=\"Imagen 1\" width=\"500\" height=\"205\" \/><\/a><\/p>\n<p style=\"text-align: left;\">Finalmente gracias a la ayuda de   Manuel S\u00e1nchez  instalamos <a href=\"http:\/\/www.culturaemprendedora.es\/majwq\/\" target=\"_self\">Webquests Creator en el servidor de la Junta de Extremadura <\/a>de modo que los profesores implicados podr\u00e1n de forma muy sencilla elaborar y publicar en l\u00ednea sus WebQuests.<\/p>\n<p style=\"text-align: left;\"><a href=\"http:\/\/www.culturaemprendedora.es\/majwq\/\" target=\"_blank\"><img loading=\"lazy\" decoding=\"async\" class=\"aligncenter\" src=\"http:\/\/imaginarparaemprender.wikispaces.com\/file\/view\/wqcreator1.png\/85081217\" alt=\"\" width=\"514\" height=\"115\" \/><\/a><\/p>\n<p>Desde aqu\u00ed quiero agradecer el magn\u00edfico trato  y acogida que me dispens\u00f3 ayer un mont\u00f3n de buena gente en M\u00e9rida y especialmenta a  Mar\u00eda Moreno Bolivar y a Salud Gal\u00e1n El\u00edas<span style=\"font-family: Verdana; color: #ff6600; font-size: xx-small;\"> <\/span> sin cuya colaboraci\u00f3n mi presencia no habr\u00eda sido posible.<br \/>\nPara terminar quiero dar las gracias tambi\u00e9n a Antonio Tejero Aparicio, maestro y actualmente director general de Calidad y Equidad Educativa, pues como amante de las bibliotecas, las TIC y las Webquests creo que algo ha tenido que ver en el hecho de que hayan contado conmigo. Me gustar\u00eda poder colaborar m\u00e1s a menudo con las instituciones educativas de mi regi\u00f3n mal que le pese a algunos, parece que soplan nuevos aires en la Junta de Extremadura y esto puede ser el comienzo de una colaboraci\u00f3n m\u00e1s estrecha y regular.<br \/>\nPara saber m\u00e1s no lo dudes visita <a href=\"http:\/\/imaginarparaemprender.wikispaces.com\/\" target=\"_blank\">Imaginar para Emprender con las Webquests.<\/a><\/p>\n","protected":false},"excerpt":{"rendered":"<p>El mes de septiembre he trabajado a fondo preparando mi intervenci\u00f3n en la jornada \u00abIniciativa Emprendedo 8 h\u00bb que ayer tuvo lugar en el precioso Palacio de Congresos de M\u00e9rida. El programa \u2018Imaginar para emprender\u2019, puesto en marcha el pasado curso por la Consejer\u00eda de los J\u00f3venes y el Deporte, a trav\u00e9s del Gabinete de [&hellip;]<\/p>\n","protected":false},"author":1,"featured_media":0,"comment_status":"open","ping_status":"open","sticky":false,"template":"","format":"standard","meta":{"footnotes":""},"categories":[8,25,7,16],"tags":[],"class_list":["post-2282","post","type-post","status-publish","format-standard","hentry","category-educacion_e_internet","category-eventos","category-personal","category-wikis"],"_links":{"self":[{"href":"http:\/\/aula21.net\/aulablog21\/wp-json\/wp\/v2\/posts\/2282","targetHints":{"allow":["GET"]}}],"collection":[{"href":"http:\/\/aula21.net\/aulablog21\/wp-json\/wp\/v2\/posts"}],"about":[{"href":"http:\/\/aula21.net\/aulablog21\/wp-json\/wp\/v2\/types\/post"}],"author":[{"embeddable":true,"href":"http:\/\/aula21.net\/aulablog21\/wp-json\/wp\/v2\/users\/1"}],"replies":[{"embeddable":true,"href":"http:\/\/aula21.net\/aulablog21\/wp-json\/wp\/v2\/comments?post=2282"}],"version-history":[{"count":0,"href":"http:\/\/aula21.net\/aulablog21\/wp-json\/wp\/v2\/posts\/2282\/revisions"}],"wp:attachment":[{"href":"http:\/\/aula21.net\/aulablog21\/wp-json\/wp\/v2\/media?parent=2282"}],"wp:term":[{"taxonomy":"category","embeddable":true,"href":"http:\/\/aula21.net\/aulablog21\/wp-json\/wp\/v2\/categories?post=2282"},{"taxonomy":"post_tag","embeddable":true,"href":"http:\/\/aula21.net\/aulablog21\/wp-json\/wp\/v2\/tags?post=2282"}],"curies":[{"name":"wp","href":"https:\/\/api.w.org\/{rel}","templated":true}]}}