{"id":232,"date":"2005-03-14T20:55:49","date_gmt":"2005-03-14T19:55:49","guid":{"rendered":"http:\/\/127.0.0.1\/wordpress2\/index.php\/archives\/2005\/03\/14\/internet-y-los-ninos\/"},"modified":"2005-03-14T21:04:48","modified_gmt":"2005-03-14T20:04:48","slug":"internet-y-los-ninos","status":"publish","type":"post","link":"http:\/\/aula21.net\/aulablog21\/archives\/2005\/03\/14\/internet-y-los-ninos\/","title":{"rendered":"Internet y los ni\u00f1os"},"content":{"rendered":"<p>Hace poco publiqu\u00e9 un art\u00edculo titulado <a href=\"\/aulablog21\/index.php\/archives\/2005\/03\/02\/menores-e-internet\/\">Menores e Internet<\/a>\u00a0acerca de la conveniencia de educar a nuestros alumnos e hijos en el uso responsable de Internet y hoy leo al respecto en <a href=\"http:\/\/edans.blogspot.com\/\">el blog de Enrique Dans<\/a>\u00a0un extraordinario art\u00edculo titulado <a href=\"http:\/\/edans.blogspot.com\/2005\/03\/internet-y-los-ninos.html\" target=\"_blank\">Internet y los ni\u00f1os<\/a> que os recomiendo.<\/p>\n<p>En \u00e9l hace referencia a otro art\u00edculo sobre el tema titulado <a href=\"http:\/\/navegante2.elmundo.es\/navegante\/2005\/03\/10\/weblog\/1110416721.html\" target=\"_blank\">La culpa es de los padres<\/a>\u00a0en el que su autor\u00a0dice que es obligaci\u00f3n de las familias ense\u00f1ar a sus hijos a esquivar el peligro. creo que es funci\u00f3n de las familias y de los profesores, hay padres que no tienen ni idea del tema por lo que dificilmente podr\u00e1n educar a sus hijos al respecto. La soluci\u00f3n desde luego\u00a0pasa por educarlos\u00a0nunca por privarles de Internet .<\/p>\n<p>C\u00f3mo bien dice en este \u00faltimo art\u00edculo:<\/p>\n<p>&quot; <em>El riesgo del que hablamos existe tambi\u00e9n (multiplicado por mil, y complicado por autobuses y pasos de cebra) en la calle, pero no prohibimos salir a nuestros hijos. Les ense\u00f1amos a cruzar calles, a respetar sem\u00e1foros, a tener cuidado con los autobuses, a no aceptar caramelos de extra\u00f1os. Protegemos a nuestros ni\u00f1os, s\u00ed, escud\u00e1ndolos del mal, pero tambi\u00e9n les educamos para que puedan protegerse solos, para que tengan capacidad de defensa cuando nosotros no estamos. Lo hacemos llev\u00e1ndoles de la mano. <\/em><\/p>\n<p><em>Y eso mismo tenemos que hacer en la Red. A estas alturas del siglo negar a los ni\u00f1os el acceso a la Red es para su futuro como no ense\u00f1arles a leer: una cat\u00e1strofe. Quien no sepa manejar la Red con soltura no tendr\u00e1 en 10 a\u00f1os mucha vida laboral, y probablemente tenga una vida personal limitada. Cualquiera sea el camino profesional que vaya a escoger la siguiente generaci\u00f3n, el manejo de ordenadores y el orientarse en la Red formar\u00e1 parte del bagaje m\u00ednimo del trabajador futuro. Siendo esto as\u00ed, privar a nuestros descendientes de esta educaci\u00f3n es irresponsable&quot;. <\/em><\/p>\n<p>Si conoc\u00e9is direcciones que nos ayuden al respecto os agradezco que las pong\u00e1is en los comentarios.<\/p>\n<p \/>\n","protected":false},"excerpt":{"rendered":"<p>Hace poco publiqu\u00e9 un art\u00edculo titulado Menores e Internet\u00a0acerca de la conveniencia de educar a nuestros alumnos e hijos en el uso responsable de Internet y hoy leo al respecto en el blog de Enrique Dans\u00a0un extraordinario art\u00edculo titulado Internet y los ni\u00f1os que os recomiendo. En \u00e9l hace referencia a otro art\u00edculo sobre el [&hellip;]<\/p>\n","protected":false},"author":1,"featured_media":0,"comment_status":"open","ping_status":"open","sticky":false,"template":"","format":"standard","meta":{"footnotes":""},"categories":[8],"tags":[],"class_list":["post-232","post","type-post","status-publish","format-standard","hentry","category-educacion_e_internet"],"_links":{"self":[{"href":"http:\/\/aula21.net\/aulablog21\/wp-json\/wp\/v2\/posts\/232","targetHints":{"allow":["GET"]}}],"collection":[{"href":"http:\/\/aula21.net\/aulablog21\/wp-json\/wp\/v2\/posts"}],"about":[{"href":"http:\/\/aula21.net\/aulablog21\/wp-json\/wp\/v2\/types\/post"}],"author":[{"embeddable":true,"href":"http:\/\/aula21.net\/aulablog21\/wp-json\/wp\/v2\/users\/1"}],"replies":[{"embeddable":true,"href":"http:\/\/aula21.net\/aulablog21\/wp-json\/wp\/v2\/comments?post=232"}],"version-history":[{"count":0,"href":"http:\/\/aula21.net\/aulablog21\/wp-json\/wp\/v2\/posts\/232\/revisions"}],"wp:attachment":[{"href":"http:\/\/aula21.net\/aulablog21\/wp-json\/wp\/v2\/media?parent=232"}],"wp:term":[{"taxonomy":"category","embeddable":true,"href":"http:\/\/aula21.net\/aulablog21\/wp-json\/wp\/v2\/categories?post=232"},{"taxonomy":"post_tag","embeddable":true,"href":"http:\/\/aula21.net\/aulablog21\/wp-json\/wp\/v2\/tags?post=232"}],"curies":[{"name":"wp","href":"https:\/\/api.w.org\/{rel}","templated":true}]}}