{"id":2350,"date":"2009-11-03T19:39:33","date_gmt":"2009-11-03T18:39:33","guid":{"rendered":"http:\/\/aula21.net\/aulablog21\/?p=2350"},"modified":"2009-11-03T19:51:32","modified_gmt":"2009-11-03T18:51:32","slug":"periodicos-y-revistas-digitales-premiados-con-la-junta-de-extremadura","status":"publish","type":"post","link":"http:\/\/aula21.net\/aulablog21\/archives\/2009\/11\/03\/periodicos-y-revistas-digitales-premiados-con-la-junta-de-extremadura\/","title":{"rendered":"Peri\u00f3dicos y Revistas Digitales premiados por la Junta de Extremadura"},"content":{"rendered":"<p><!--adsense--><br \/>\n<a href=\"http:\/\/doe.juntaex.es\/pdfs\/doe\/2009\/2080O\/09063034.pdf\" target=\"_blank\">En el DOE del 28 de octubre se resuelve<\/a> la convocatoria de premios a las mejores publicaciones escolares realizadas durante el curso 2008\/2009, en Extremadura.<\/p>\n<p>Extraordinaramente buenos me han parecido los premiados en la modalidad de <strong>Peri\u00f3dicos y Revistas Digitales de <\/strong><span id=\"lblCuerpo\" class=\"cuerpo_noticias\">centros de Secundaria, Bachillerato y FP.<\/span><\/p>\n<ul>\n<li><span id=\"lblCuerpo\" class=\"cuerpo_noticias\"> Primer premio ha sido para la<a href=\"http:\/\/www.iesbarbara.com\/revista5\/revista.html\" target=\"_blank\"> \u2018Revista Doble B\u2019<\/a>, del IES \u2018B\u00e1rbara de Braganza\u2019, de Badajoz dotado con 2400 euros<br \/>\n<\/span><\/li>\n<li><span id=\"lblCuerpo\" class=\"cuerpo_noticias\"> Segundo premio para <a href=\"http:\/\/iesfuenteroniel.juntaextremadura.net\/periodico\/\" target=\"_blank\">\u2018Roniel Digital\u2019<\/a>, del IES \u2018Fuente Roniel\u2019, de Fuente del Maestre, dotados con 1.900 euros.<\/span><\/li>\n<\/ul>\n<p><a href=\"http:\/\/aula21.net\/aulablog21\/wp-content\/uploads\/2009\/11\/revista.png\"><img loading=\"lazy\" decoding=\"async\" class=\"aligncenter size-medium wp-image-2351\" title=\"revista\" src=\"http:\/\/aula21.net\/aulablog21\/wp-content\/uploads\/2009\/11\/revista-300x254.png\" alt=\"revista\" width=\"300\" height=\"254\" srcset=\"http:\/\/aula21.net\/aulablog21\/wp-content\/uploads\/2009\/11\/revista-300x254.png 300w, http:\/\/aula21.net\/aulablog21\/wp-content\/uploads\/2009\/11\/revista.png 679w\" sizes=\"auto, (max-width: 300px) 100vw, 300px\" \/><\/a><\/p>\n<p><a href=\"http:\/\/doe.juntaex.es\/pdfs\/doe\/2009\/2080O\/09063034.pdf\" target=\"_blank\">Al resto de centros premiados<\/a> en otras modalidades les doy tambi\u00e9n la enhorabuena y sugiero desde aqu\u00ed a quien corresponada en la Consejer\u00eda de Educaci\u00f3n que los publique en Internet para poder disfrutar de ellos. En la era Escuela 2.0 el papel ha de ser \u00fanicamente complementario y hay que predicar con el ejemplo.<\/p>\n","protected":false},"excerpt":{"rendered":"<p>En el DOE del 28 de octubre se resuelve la convocatoria de premios a las mejores publicaciones escolares realizadas durante el curso 2008\/2009, en Extremadura. Extraordinaramente buenos me han parecido los premiados en la modalidad de Peri\u00f3dicos y Revistas Digitales de centros de Secundaria, Bachillerato y FP. Primer premio ha sido para la \u2018Revista Doble [&hellip;]<\/p>\n","protected":false},"author":1,"featured_media":0,"comment_status":"open","ping_status":"open","sticky":false,"template":"","format":"standard","meta":{"footnotes":""},"categories":[8,14,28],"tags":[],"class_list":["post-2350","post","type-post","status-publish","format-standard","hentry","category-educacion_e_internet","category-recursos-variados","category-web20"],"_links":{"self":[{"href":"http:\/\/aula21.net\/aulablog21\/wp-json\/wp\/v2\/posts\/2350","targetHints":{"allow":["GET"]}}],"collection":[{"href":"http:\/\/aula21.net\/aulablog21\/wp-json\/wp\/v2\/posts"}],"about":[{"href":"http:\/\/aula21.net\/aulablog21\/wp-json\/wp\/v2\/types\/post"}],"author":[{"embeddable":true,"href":"http:\/\/aula21.net\/aulablog21\/wp-json\/wp\/v2\/users\/1"}],"replies":[{"embeddable":true,"href":"http:\/\/aula21.net\/aulablog21\/wp-json\/wp\/v2\/comments?post=2350"}],"version-history":[{"count":0,"href":"http:\/\/aula21.net\/aulablog21\/wp-json\/wp\/v2\/posts\/2350\/revisions"}],"wp:attachment":[{"href":"http:\/\/aula21.net\/aulablog21\/wp-json\/wp\/v2\/media?parent=2350"}],"wp:term":[{"taxonomy":"category","embeddable":true,"href":"http:\/\/aula21.net\/aulablog21\/wp-json\/wp\/v2\/categories?post=2350"},{"taxonomy":"post_tag","embeddable":true,"href":"http:\/\/aula21.net\/aulablog21\/wp-json\/wp\/v2\/tags?post=2350"}],"curies":[{"name":"wp","href":"https:\/\/api.w.org\/{rel}","templated":true}]}}