{"id":237,"date":"2005-03-16T16:47:35","date_gmt":"2005-03-16T15:47:35","guid":{"rendered":"http:\/\/127.0.0.1\/wordpress2\/index.php\/archives\/2005\/03\/16\/fabian-un-profe-blogger\/"},"modified":"2005-03-16T16:54:56","modified_gmt":"2005-03-16T15:54:56","slug":"fabian-un-profe-blogger","status":"publish","type":"post","link":"http:\/\/aula21.net\/aulablog21\/archives\/2005\/03\/16\/fabian-un-profe-blogger\/","title":{"rendered":"Fabi\u00e1n un profe blogger"},"content":{"rendered":"<p>Uno de los profesores pioneros\u00a0m\u00e1s entusiastas en nuestro pa\u00eds de\u00a0los blogs es Fabi\u00e1n, profesor de Lengua del \u00a0<a href=\"http:\/\/www.mallorcaweb.net\/iesdarder\/\" target=\"_blank\">IES Emili Darder<\/a> de Palma de Mallorca.<\/p>\n<p>Uno de sus blogs es <a href=\"http:\/\/reflejos.bitacoras.com\/weblog.php\">Reflejos<\/a> y otro es <a href=\"http:\/\/blogia.com\/fabian\/index.php\" target=\"_blank\">Fabi\u00e1n<\/a>, en este \u00faltimo, entre otros muchos art\u00edculos de inter\u00e9s, resulta muy instructivo leer el titulado <a href=\"http:\/\/blogia.com\/fabian\/index.php?idarticulo=200411251\">Una\u00a0bit\u00e1cora con alumnos<\/a>\u00a0en que que nos relata la experiencia llevada a cabo acerca de realizar una bit\u00e1cora colectiva con17 alumnos de 2\u00ba de ESO, 13 a\u00f1os, sin conocimientos ni experiencia. Nos relata entre otras cosas las dificultades iniciales\u00a0 con que se enfrent\u00f3:<\/p>\n<p><em>La mayor\u00eda de los alumnos no dispone en sus casas de conexi\u00f3n a Internet, as\u00ed que s\u00f3lo entran en la bit\u00e1cora los jueves en tiempo de clase (una hora corta a la semana). Quienes tienen disponibilidad puedenentrar cuando quieran, pero no lo hacen en exceso, sino un par de veces a la semana. <\/em><\/p>\n<p><em><\/em><\/p>\n<p><em>Las primeras dificultades son las de conocimiento del sistema.<br \/>As\u00ed, por ejemplo, una ni\u00f1a escribe y, al terminar el escrito, no pulsa en el bot\u00f3n &quot;publicar&quot; que no se encuentra visible pues est\u00e1 en la parte inferior derecha de la p\u00e1gina. Pulsa en otro bot\u00f3n y pierde todo su trabajo.<br \/>Dificultades frecuentes son las del manejo del teclado. No pueden entrar, ponen bien su nick y contrase\u00f1a, pero&#8230; \u00a1Ah, hab\u00edan pulsado en &quot;Bloqueo de may\u00fasculas&quot; y la contrase\u00f1a no coincid\u00eda con la escrita!<br \/>La administraci\u00f3n del sistema, al entrar, les ofrece la posibilidad de &quot;Escribir&quot; (se refiere a un art\u00edculo nuevo), de &quot;Editar&quot; (los art\u00edculos anteriores) y otras posibilidades como &quot;Subir&quot; archivos, etc. Aunque lo hayan hecho ya un par de veces, su atenci\u00f3n se centra en los contenidos o en la elecci\u00f3n de una imagen y no se acuerdan del procedimiento para subirla o para corregir un ecrito, etc.<br \/>Es decir, son dificultades de conocimiento del sistema o de procedimientos.<br \/>Estas dificultades son normales y se repiten en muchos alumnos. La atenci\u00f3n la tienen centrada en un punto y no consiguen atender a otros por flta de manejo, falta de habituaci\u00f3n con el sistema.<\/em><\/p>\n<p>La bit\u00e1cora en cuesti\u00f3n est\u00e1 gestionada con WordPress y <a href=\"http:\/\/depdarder.webcindario.com\/blog\/index.php\">este es el enlace.<\/a><\/p>\n<p>Graci\u00e1s Fabi\u00e1n por compartir tu experiencia de la que podemos aprender mucho.<\/p>\n","protected":false},"excerpt":{"rendered":"<p>Uno de los profesores pioneros\u00a0m\u00e1s entusiastas en nuestro pa\u00eds de\u00a0los blogs es Fabi\u00e1n, profesor de Lengua del \u00a0IES Emili Darder de Palma de Mallorca. Uno de sus blogs es Reflejos y otro es Fabi\u00e1n, en este \u00faltimo, entre otros muchos art\u00edculos de inter\u00e9s, resulta muy instructivo leer el titulado Una\u00a0bit\u00e1cora con alumnos\u00a0en que que nos [&hellip;]<\/p>\n","protected":false},"author":1,"featured_media":0,"comment_status":"open","ping_status":"open","sticky":false,"template":"","format":"standard","meta":{"footnotes":""},"categories":[2],"tags":[],"class_list":["post-237","post","type-post","status-publish","format-standard","hentry","category-weblogs_en_el_aula"],"_links":{"self":[{"href":"http:\/\/aula21.net\/aulablog21\/wp-json\/wp\/v2\/posts\/237","targetHints":{"allow":["GET"]}}],"collection":[{"href":"http:\/\/aula21.net\/aulablog21\/wp-json\/wp\/v2\/posts"}],"about":[{"href":"http:\/\/aula21.net\/aulablog21\/wp-json\/wp\/v2\/types\/post"}],"author":[{"embeddable":true,"href":"http:\/\/aula21.net\/aulablog21\/wp-json\/wp\/v2\/users\/1"}],"replies":[{"embeddable":true,"href":"http:\/\/aula21.net\/aulablog21\/wp-json\/wp\/v2\/comments?post=237"}],"version-history":[{"count":0,"href":"http:\/\/aula21.net\/aulablog21\/wp-json\/wp\/v2\/posts\/237\/revisions"}],"wp:attachment":[{"href":"http:\/\/aula21.net\/aulablog21\/wp-json\/wp\/v2\/media?parent=237"}],"wp:term":[{"taxonomy":"category","embeddable":true,"href":"http:\/\/aula21.net\/aulablog21\/wp-json\/wp\/v2\/categories?post=237"},{"taxonomy":"post_tag","embeddable":true,"href":"http:\/\/aula21.net\/aulablog21\/wp-json\/wp\/v2\/tags?post=237"}],"curies":[{"name":"wp","href":"https:\/\/api.w.org\/{rel}","templated":true}]}}