{"id":2372,"date":"2009-11-14T12:09:22","date_gmt":"2009-11-14T11:09:22","guid":{"rendered":"http:\/\/aula21.net\/aulablog21\/?p=2372"},"modified":"2009-11-16T23:05:54","modified_gmt":"2009-11-16T22:05:54","slug":"fin-de-semana-en-las-v-jornadas-de-formacion-e-innovacion-educativa","status":"publish","type":"post","link":"http:\/\/aula21.net\/aulablog21\/archives\/2009\/11\/14\/fin-de-semana-en-las-v-jornadas-de-formacion-e-innovacion-educativa\/","title":{"rendered":"Fin de semana en las V Jornadas de Formaci\u00f3n e Innovaci\u00f3n Educativa"},"content":{"rendered":"<p><a href=\"http:\/\/aula21.net\/aulablog21\/wp-content\/uploads\/2009\/11\/montajepizarra.jpg\"><img loading=\"lazy\" decoding=\"async\" class=\"alignleft size-medium wp-image-2374\" title=\"montajepizarra\" src=\"http:\/\/aula21.net\/aulablog21\/wp-content\/uploads\/2009\/11\/montajepizarra-300x300.jpg\" alt=\"montajepizarra\" width=\"300\" height=\"300\" srcset=\"http:\/\/aula21.net\/aulablog21\/wp-content\/uploads\/2009\/11\/montajepizarra-300x300.jpg 300w, http:\/\/aula21.net\/aulablog21\/wp-content\/uploads\/2009\/11\/montajepizarra-150x150.jpg 150w, http:\/\/aula21.net\/aulablog21\/wp-content\/uploads\/2009\/11\/montajepizarra.jpg 420w\" sizes=\"auto, (max-width: 300px) 100vw, 300px\" \/><\/a><br \/>\n<!--adsense--><br \/>\nEl viernes 13, despu\u00e9s de seis horas de viaje en autocar, llegu\u00e9 a Aranjuez ciudad en la que los d\u00edas 14 y 15 ha tenido lugar la V edici\u00f3n de TIC_LAB y C_LAB organizada por la Consultora de <a href=\"http:\/\/www.educacionysistemas.com\/\">Educaci\u00f3n y Sistemas<\/a>. He participado como ponente, invitado una vez m\u00e1s por Victor Acosta.<\/p>\n<p>Asisten docentes de tres prestigiosos colegios pioneros en el uso de las TIC en el aula:  <a href=\"http:\/\/www.colegiobase.com\/cbase\/index.php?sectionid=83\">Colegio Base de Madrid<\/a>, <a href=\"http:\/\/www.europeoalmazan.com\/calmazan\/\" target=\"_blank\">Colegio Europeo Almaz\u00e1n <\/a>y <a href=\"http:\/\/www.ausiasmarch.com\/causias\/\" target=\"_blank\">Colegio Internaconal Ausias March<\/a>, mi agradecimiento a todos ellos por el cari\u00f1o con el que me tratan, especialmente a los que ya conozco de otras jornadas.<\/p>\n<p>He compartido la magia de la amistad una vez m\u00e1s con gente encantadora como <a href=\"http:\/\/wikipepia.wikispaces.com\/\" target=\"_blank\">Pepe Gir\u00e1ldez<\/a>, Fernando Romero de<a href=\"http:\/\/sites.google.com\/site\/jornadasaranjuez\/contenidos-tic-lab\/fernando-romero\"> GenMagic<\/a>, <a href=\"http:\/\/peremarques.blogspot.com\/\">Pere Marqu\u00e9s <\/a>de la Universidad Aut\u00f3noma de Barcelona, <a href=\"http:\/\/joseantonioblesa.spaces.live.com\/\" target=\"_blank\">Jose Antonio Blesa<\/a> c\u00e9lebre maestro de Ari\u00f1o, <a href=\"http:\/\/domingomendez.blogspot.com\/\" target=\"_blank\">Domingo M\u00e9ndez<\/a> hasta la fecha querido amigo virtual, al que ten\u00eda muchas ganas de conocer personalmente<\/p>\n<p><a href=\"http:\/\/sites.google.com\/site\/jornadasaranjuez\/\">En este wiki<\/a> est\u00e1n todos los materiales, incluido el Taller de wikispaces que impart\u00ed el a\u00f1o pasado y el Taller de Miniquests que impartir\u00e9 ma\u00f1ana.<br \/>\n<object classid=\"clsid:d27cdb6e-ae6d-11cf-96b8-444553540000\" width=\"400\" height=\"267\" codebase=\"http:\/\/download.macromedia.com\/pub\/shockwave\/cabs\/flash\/swflash.cab#version=6,0,40,0\"><param name=\"flashvars\" value=\"host=picasaweb.google.es&amp;hl=en_US&amp;feat=flashalbum&amp;RGB=0x000000&amp;feed=http%3A%2F%2Fpicasaweb.google.es%2Fdata%2Ffeed%2Fapi%2Fuser%2Faula21%2Falbumid%2F5403935915965583121%3Falt%3Drss%26kind%3Dphoto%26hl%3Den_US\" \/><param name=\"src\" value=\"http:\/\/picasaweb.google.es\/s\/c\/bin\/slideshow.swf\" \/><embed type=\"application\/x-shockwave-flash\" width=\"400\" height=\"267\" src=\"http:\/\/picasaweb.google.es\/s\/c\/bin\/slideshow.swf\" flashvars=\"host=picasaweb.google.es&amp;hl=en_US&amp;feat=flashalbum&amp;RGB=0x000000&amp;feed=http%3A%2F%2Fpicasaweb.google.es%2Fdata%2Ffeed%2Fapi%2Fuser%2Faula21%2Falbumid%2F5403935915965583121%3Falt%3Drss%26kind%3Dphoto%26hl%3Den_US\"><\/embed><\/object><br \/>\nEl programa TIC- Lab es el siguiente:<\/p>\n<ul>\n<li>Jos\u00e9 Antonio Blesa:<a href=\"http:\/\/sites.google.com\/site\/jornadasaranjuez\/contenidos-tic-lab\/jose-antonio\">Realidad del centro Ari\u00f1o-Alloza<\/a>.<\/li>\n<li>Pere Marqu\u00e9s: <a href=\"http:\/\/sites.google.com\/site\/jornadasaranjuez\/contenidos-tic-lab\/pere-marques\">Desarrollo de unidades did\u00e1cticas a partir de las nuevas actividades did\u00e1cticas con TIC<\/a>.<\/li>\n<li>M\u00f3nica Machancoses:<a href=\"http:\/\/sites.google.com\/site\/jornadasaranjuez\/contenidos-tic-lab\/monica-machancoses\"> Creaci\u00f3n de materiales con PDI.<\/a><\/li>\n<li>Fernando Romero:<a href=\"http:\/\/sites.google.com\/site\/jornadasaranjuez\/contenidos-tic-lab\/fernando-romero\"> GenMagic<\/a><\/li>\n<li>Francisco Mu\u00f1oz de la Pe\u00f1a: <a href=\"http:\/\/sites.google.com\/site\/jornadasaranjuez\/contenidos-tic-lab\/francisco-munoz\">Webquest\/miniquest para port\u00e1tiles<\/a>.<\/li>\n<li>Domingo M\u00e9ndez: <a href=\"http:\/\/sites.google.com\/site\/jornadasaranjuez\/contenidos-tic-lab\/domingo-mendez\">JClic.<\/a><\/li>\n<\/ul>\n<p>Conozco nuevos espacios creados por los profesores asistentes como:<\/p>\n<ul>\n<li><a href=\"http:\/\/cbasefis2bt.wikispaces.com\/\">http:\/\/cbasefis2bt.wikispaces.com\/<\/a> Wiki destinada a la ense\u00f1anza de la F\u00edsica de 2\u00ba de Bachillerato realizada por \u00c1ngel P\u00e9rez y en el cual colabora su alumnado.<\/li>\n<li><a href=\"http:\/\/cbasefis4eso.blogspot.com\/\">http:\/\/cbasefis4eso.blogspot.com\/<\/a> Blog creado por V\u00edctor Acosta y \u00c1ngel P\u00e9rez para el trabajo en F\u00edsica de 4\u00ba de ESO y al que su alumnado contribuye a desarrollar.<br \/>\n<a href=\"http:\/\/wikipepia.wikispaces.com\/\">http:\/\/wikipepia.wikispaces.com\/<\/a> Wiki creado por Jos\u00e9 M. Gir\u00e1ldez, destinado al trabajo de las CC.Sociales en 4\u00ba de ESO y en el cual colabora su alumnado.<\/li>\n<li><a href=\"http:\/\/wikipepia1.wikispaces.com\/\">http:\/\/wikipepia1.wikispaces.com\/<\/a> Wiki creada por Jos\u00e9 M. Gir\u00e1ldez para el trabajo de CC. Sociales con sus alumnos y alumnas de 2\u00ba de ESO.<\/li>\n<li><a href=\"http:\/\/cbasehistoria1.blogspot.com\/\">http:\/\/cbasehistoria1.blogspot.com\/<\/a> Blog para el trabajo del alumnado de la opci\u00f3n de CC. Sociales de 1\u00ba de Bachillerato al que se vinculan los blogs creados por los alumnos y alumnas de dicho curso.<\/li>\n<li><a href=\"http:\/\/caballotroyabase.blogia.com\/\">http:\/\/caballotroyabase.blogia.com\/<\/a> Blog creado por Caballo de Troya para dar a conocer las actividades llevadas a cabo por sus miembros.<\/li>\n<li>Victor Acosta est\u00e1 realizando la Wiki para la asignatura de Ciencias para el Mundo Contempor\u00e1neo que puedes consultar en <a href=\"http:\/\/sites.google.com\/site\/cbasemundocont\/\">http:\/\/sites.google.com:80\/site\/cbasemundocont\/<\/a><\/li>\n<li><a href=\"http:\/\/cbasefisqui4eso.wikispaces.com\/\">http:\/\/cbasefisqui4eso.wikispaces.com\/<\/a> Wiki de recursos y trabajos de alumnos\/as de la asignatura de F\u00edsica y Qu\u00edmica de 4\u00ba ESO gestionado por V\u00edctor Acosta y \u00c1ngel L. P\u00e9rez:<\/li>\n<li><a href=\"http:\/\/sites.google.com\/site\/cbasefis1bt\/\">http:\/\/sites.google.com\/site\/cbasefis1bt\/<\/a> Wiki de recursos y trabajos de alumnos\/as de la asignatura de F\u00edsica y Qu\u00edmica de 1\u00ba BT gestionado por \u00c1ngel L. P\u00e9rez:<\/li>\n<li><a href=\"http:\/\/www.baseinfantil.blogspot.com\/\">www.baseinfantil.blogspot.com<\/a>, Blog creado por Mario Alcarazo dedicado a Educaci\u00f3n Infantil en castellano, podemos encontrar links a p\u00e1ginas web para realizar diversas actividades,desde lectura de cuentos hasta manejo del rat\u00f3n.<\/li>\n<li><a href=\"http:\/\/www.edinbase.blogspot.com\/\">www.edinbase.blogspot.com<\/a>, Blog creado por Mike Riley y Mario Alcarazo destinado a trabajar en Educaci\u00f3n Infantil con las nuevas tecnolog\u00edas en ingl\u00e9s. Incluye v\u00eddeos, canciones, y p\u00e1ginas web de uso en el ordenador y pizarra digital interactiva.<\/li>\n<li><a href=\"http:\/\/ciencialaultima.blogspot.com\/\">http:\/\/ciencialaultima.blogspot.com\/<\/a> ,Blog en el que los alumnos de 1\u00ba de Bachillerato de la asignatura de Ciencias para el Mundo Contempor\u00e1neo escriben art\u00edculos sobre todo tipo de temas cient\u00edficos.<\/li>\n<\/ul>\n<p>Espero que el a\u00f1o pr\u00f3ximo tengan un mont\u00f3n de actividades creadas gracias <a href=\"http:\/\/ticlab.wikispaces.com\/\" target=\"_blank\">a mi taller<\/a> y al <a href=\"http:\/\/www.webquestceys.com\/majwq\/inicio\" target=\"_blank\">Generador de Webquest <\/a>que hemos instalado para ellos.<\/p>\n","protected":false},"excerpt":{"rendered":"<p>El viernes 13, despu\u00e9s de seis horas de viaje en autocar, llegu\u00e9 a Aranjuez ciudad en la que los d\u00edas 14 y 15 ha tenido lugar la V edici\u00f3n de TIC_LAB y C_LAB organizada por la Consultora de Educaci\u00f3n y Sistemas. He participado como ponente, invitado una vez m\u00e1s por Victor Acosta. Asisten docentes de [&hellip;]<\/p>\n","protected":false},"author":1,"featured_media":0,"comment_status":"open","ping_status":"open","sticky":false,"template":"","format":"standard","meta":{"footnotes":""},"categories":[1,7,28],"tags":[],"class_list":["post-2372","post","type-post","status-publish","format-standard","hentry","category-miscelanea","category-personal","category-web20"],"_links":{"self":[{"href":"http:\/\/aula21.net\/aulablog21\/wp-json\/wp\/v2\/posts\/2372","targetHints":{"allow":["GET"]}}],"collection":[{"href":"http:\/\/aula21.net\/aulablog21\/wp-json\/wp\/v2\/posts"}],"about":[{"href":"http:\/\/aula21.net\/aulablog21\/wp-json\/wp\/v2\/types\/post"}],"author":[{"embeddable":true,"href":"http:\/\/aula21.net\/aulablog21\/wp-json\/wp\/v2\/users\/1"}],"replies":[{"embeddable":true,"href":"http:\/\/aula21.net\/aulablog21\/wp-json\/wp\/v2\/comments?post=2372"}],"version-history":[{"count":0,"href":"http:\/\/aula21.net\/aulablog21\/wp-json\/wp\/v2\/posts\/2372\/revisions"}],"wp:attachment":[{"href":"http:\/\/aula21.net\/aulablog21\/wp-json\/wp\/v2\/media?parent=2372"}],"wp:term":[{"taxonomy":"category","embeddable":true,"href":"http:\/\/aula21.net\/aulablog21\/wp-json\/wp\/v2\/categories?post=2372"},{"taxonomy":"post_tag","embeddable":true,"href":"http:\/\/aula21.net\/aulablog21\/wp-json\/wp\/v2\/tags?post=2372"}],"curies":[{"name":"wp","href":"https:\/\/api.w.org\/{rel}","templated":true}]}}