{"id":2391,"date":"2009-11-20T23:44:22","date_gmt":"2009-11-20T22:44:22","guid":{"rendered":"http:\/\/aula21.net\/aulablog21\/?p=2391"},"modified":"2009-11-21T00:14:07","modified_gmt":"2009-11-20T23:14:07","slug":"buenas-practicas-2-0","status":"publish","type":"post","link":"http:\/\/aula21.net\/aulablog21\/archives\/2009\/11\/20\/buenas-practicas-2-0\/","title":{"rendered":"Buenas pr\u00e1cTICas 2.0"},"content":{"rendered":"<p style=\"text-align: left;\"><a href=\"http:\/\/aula21.net\/aulablog21\/archives\/2009\/11\/20\/buenas-practicas-2-0\/\" target=\"_blank\">Desde el blog de HEDA<\/a> del Ministerio de Educaci\u00f3n estamos realizando un cat\u00e1logo de experiencias educativas ejemplares usando las herramientas que la Web 2.0 pone a  nuestro alcance.<br \/>\n<a href=\"http:\/\/blogs.isftic.mepsyd.es\/heda\/index.php\/2009\/11\/19\/indice\" target=\"_blank\"><img loading=\"lazy\" decoding=\"async\" class=\"aligncenter\" src=\"http:\/\/blogs.isftic.mepsyd.es\/heda\/media\/users\/francisco\/logobpracticas20.png\" alt=\"buenas pracTICas\" width=\"456\" height=\"124\" \/><\/a><br \/>\nEl a\u00f1o pasado en la sede del ITE en Madrid tuvo lugar el primer Encuentro Escuela 2.0 , en el que docentes de todas las comunidades presentaron sus experiencias como tienes ocasi\u00f3n de comprobar <a href=\"http:\/\/www.ite.educacion.es\/w3\/novedades\/eee20\/intro.html\" target=\"_blank\">viendo los v\u00eddeos de las intervenciones.<\/a><br \/>\nSobre el mismo escrib\u00ed una <a href=\"http:\/\/aula21.net\/aulablog21\/archives\/2009\/03\/26\/cronica-del-encuentro-de-experiencias-escuela-20-en-el-isftic\/\" target=\"_blank\">detallada y extensa cr\u00f3nica.<\/a><\/p>\n<p>Este a\u00f1o se celebrar\u00e1 de nuevo y queremos contar con las mejores experiencias de aula llevadas a cabo en todos los niveles educativos, si quieres dar a conocer la tuya <a href=\"http:\/\/blogs.isftic.mepsyd.es\/heda\/index.php?disp=msgform&amp;recipient_id=1&amp;redirect_to=http%3A%2F%2Fblogs.isftic.mepsyd.es%2Fheda%2Findex.php%3Fblog%3D1%26disp%3Dmsgform\" target=\"_blank\">escr\u00edbenos<\/a>, entre todas las presentadas se realizar\u00e1 una selecci\u00f3n.<\/p>\n<p>Si quieres saber m\u00e1s sobre HEDA<a href=\"http:\/\/descartes.cnice.mec.es\/heda\/\"> visita su web<\/a>.<\/p>\n<p><strong>\u00a1 Mucho tenemos que aprender en la Escuela 2.0 !<\/strong><\/p>\n<div id=\"__ss_1581030\" style=\"width: 425px; text-align: left;\"><a style=\"font:14px Helvetica,Arial,Sans-serif;display:block;margin:12px 0 3px 0;text-decoration:underline;\" title=\"Aprender en la Escuela 2.0\" href=\"http:\/\/www.slideshare.net\/aula21\/aprender-en-la-escuela-20\">Aprender en la Escuela 2.0<\/a><object style=\"margin:0px\" classid=\"clsid:d27cdb6e-ae6d-11cf-96b8-444553540000\" width=\"425\" height=\"355\" codebase=\"http:\/\/download.macromedia.com\/pub\/shockwave\/cabs\/flash\/swflash.cab#version=6,0,40,0\"><param name=\"allowFullScreen\" value=\"true\" \/><param name=\"allowScriptAccess\" value=\"always\" \/><param name=\"src\" value=\"http:\/\/static.slidesharecdn.com\/swf\/ssplayer2.swf?doc=aprenderenlaescuela20-090614094320-phpapp02&amp;stripped_title=aprender-en-la-escuela-20\" \/><param name=\"allowfullscreen\" value=\"true\" \/><embed style=\"margin:0px\" type=\"application\/x-shockwave-flash\" width=\"425\" height=\"355\" src=\"http:\/\/static.slidesharecdn.com\/swf\/ssplayer2.swf?doc=aprenderenlaescuela20-090614094320-phpapp02&amp;stripped_title=aprender-en-la-escuela-20\" allowscriptaccess=\"always\" allowfullscreen=\"true\"><\/embed><\/object><\/div>\n","protected":false},"excerpt":{"rendered":"<p>Desde el blog de HEDA del Ministerio de Educaci\u00f3n estamos realizando un cat\u00e1logo de experiencias educativas ejemplares usando las herramientas que la Web 2.0 pone a nuestro alcance. El a\u00f1o pasado en la sede del ITE en Madrid tuvo lugar el primer Encuentro Escuela 2.0 , en el que docentes de todas las comunidades presentaron [&hellip;]<\/p>\n","protected":false},"author":1,"featured_media":0,"comment_status":"open","ping_status":"open","sticky":false,"template":"","format":"standard","meta":{"footnotes":""},"categories":[8,25,28],"tags":[],"class_list":["post-2391","post","type-post","status-publish","format-standard","hentry","category-educacion_e_internet","category-eventos","category-web20"],"_links":{"self":[{"href":"http:\/\/aula21.net\/aulablog21\/wp-json\/wp\/v2\/posts\/2391","targetHints":{"allow":["GET"]}}],"collection":[{"href":"http:\/\/aula21.net\/aulablog21\/wp-json\/wp\/v2\/posts"}],"about":[{"href":"http:\/\/aula21.net\/aulablog21\/wp-json\/wp\/v2\/types\/post"}],"author":[{"embeddable":true,"href":"http:\/\/aula21.net\/aulablog21\/wp-json\/wp\/v2\/users\/1"}],"replies":[{"embeddable":true,"href":"http:\/\/aula21.net\/aulablog21\/wp-json\/wp\/v2\/comments?post=2391"}],"version-history":[{"count":0,"href":"http:\/\/aula21.net\/aulablog21\/wp-json\/wp\/v2\/posts\/2391\/revisions"}],"wp:attachment":[{"href":"http:\/\/aula21.net\/aulablog21\/wp-json\/wp\/v2\/media?parent=2391"}],"wp:term":[{"taxonomy":"category","embeddable":true,"href":"http:\/\/aula21.net\/aulablog21\/wp-json\/wp\/v2\/categories?post=2391"},{"taxonomy":"post_tag","embeddable":true,"href":"http:\/\/aula21.net\/aulablog21\/wp-json\/wp\/v2\/tags?post=2391"}],"curies":[{"name":"wp","href":"https:\/\/api.w.org\/{rel}","templated":true}]}}