{"id":240,"date":"2005-03-17T19:53:52","date_gmt":"2005-03-17T18:53:52","guid":{"rendered":"http:\/\/127.0.0.1\/wordpress2\/index.php\/archives\/2005\/03\/17\/cocinera-antes-que-fraila\/"},"modified":"2005-03-17T20:20:46","modified_gmt":"2005-03-17T19:20:46","slug":"cocinera-antes-que-fraila","status":"publish","type":"post","link":"http:\/\/aula21.net\/aulablog21\/archives\/2005\/03\/17\/cocinera-antes-que-fraila\/","title":{"rendered":"Cocinera antes que fraila"},"content":{"rendered":"<p>\u00a0<a href=\"http:\/\/www.periodistadigital.com\/secciones\/periodismo\/object.php?o=46823\">Articulo de Arturo D\u00edaz en Periodistadigital.com<\/a>\u00a0que empieza as\u00ed:<\/p>\n<p><em>Los medios cargan contra Carmen Calvo.<font class=\"titular_sinlink\"><b>Cuando la fraila se convierte en ministra de Cultura.<\/b><\/font><\/em><\/p>\n<p><em>En Mallorca pasan cosas maravillosas, ya me lo dijo P\u00e9rez. La ministra de Cultura, <strong>Carmen Calvo<\/strong> estaba hace unos d\u00edas de visita en la isla\u00a0cuando solt\u00f3 la siguiente perla: <strong><a href=\"http:\/\/www.diariodemallorca.es\/?pContenido=http:\/\/www.diariodemallorca.es\/secciones\/actual\/noticia.jsp?pIdNoticia=115011\" target=\"_blank\"><font color=\"#990000\">&quot;&#8230;para esta ministra que ha sido cocinera antes que fraila&#8230;&quot;<\/font><\/a><\/strong>. As\u00ed, con a. El traspi\u00e9s ling\u00fc\u00edstico, o la mera &quot;broma con un refr\u00e1n&quot; como la disculpan en su departamento, corre el riesgo de suponer el billete de la ministra al pante\u00f3n del pitorreo nacional.<\/em><\/p>\n<p><em>All\u00ed estar\u00e1n las frailas junto a los &quot;j\u00f3venes y j\u00f3venas&quot; que solt\u00f3 la diputada socialista <strong>Carmen Romero<\/strong> <\/em><\/p>\n<p>\u00bfEn manos de que gente est\u00e1 nuestro pa\u00eds? el PSOE responsable del fracaso escolar adem\u00e1s quiere ahora poner como asignatura &quot;Educaci\u00f3n para la Ciudadan\u00eda&quot;, \u00bfescribir\u00e1 ZP el pr\u00f3logo del libro oficial de texto?<br \/>\u00bf El siguiente paso ser\u00e1 prohibir las procesiones de semana santa? quien sabe&#8230;.<\/p>\n<div id=\"beacon_60\" style=\"LEFT: 0px; VISIBILITY: hidden; POSITION: absolute; TOP: 0px\"><img loading=\"lazy\" decoding=\"async\" style=\"WIDTH: 0px; HEIGHT: 0px\" height=\"0\" src=\"http:\/\/publicidad.periodistadigital.com:8080\/ads\/adlog.php?bannerid=60&#038;clientid=34&#038;zoneid=9&#038;source=&#038;block=0&#038;capping=0&#038;cb=9b8d6c59974d2839ef04c1389856c5e9\" width=\"0\" \/><\/div>\n<p><noscript \/><\/noscript><\/p>\n","protected":false},"excerpt":{"rendered":"<p>\u00a0Articulo de Arturo D\u00edaz en Periodistadigital.com\u00a0que empieza as\u00ed: Los medios cargan contra Carmen Calvo.Cuando la fraila se convierte en ministra de Cultura. En Mallorca pasan cosas maravillosas, ya me lo dijo P\u00e9rez. La ministra de Cultura, Carmen Calvo estaba hace unos d\u00edas de visita en la isla\u00a0cuando solt\u00f3 la siguiente perla: &quot;&#8230;para esta ministra que [&hellip;]<\/p>\n","protected":false},"author":1,"featured_media":0,"comment_status":"open","ping_status":"open","sticky":false,"template":"","format":"standard","meta":{"footnotes":""},"categories":[1],"tags":[],"class_list":["post-240","post","type-post","status-publish","format-standard","hentry","category-miscelanea"],"_links":{"self":[{"href":"http:\/\/aula21.net\/aulablog21\/wp-json\/wp\/v2\/posts\/240","targetHints":{"allow":["GET"]}}],"collection":[{"href":"http:\/\/aula21.net\/aulablog21\/wp-json\/wp\/v2\/posts"}],"about":[{"href":"http:\/\/aula21.net\/aulablog21\/wp-json\/wp\/v2\/types\/post"}],"author":[{"embeddable":true,"href":"http:\/\/aula21.net\/aulablog21\/wp-json\/wp\/v2\/users\/1"}],"replies":[{"embeddable":true,"href":"http:\/\/aula21.net\/aulablog21\/wp-json\/wp\/v2\/comments?post=240"}],"version-history":[{"count":0,"href":"http:\/\/aula21.net\/aulablog21\/wp-json\/wp\/v2\/posts\/240\/revisions"}],"wp:attachment":[{"href":"http:\/\/aula21.net\/aulablog21\/wp-json\/wp\/v2\/media?parent=240"}],"wp:term":[{"taxonomy":"category","embeddable":true,"href":"http:\/\/aula21.net\/aulablog21\/wp-json\/wp\/v2\/categories?post=240"},{"taxonomy":"post_tag","embeddable":true,"href":"http:\/\/aula21.net\/aulablog21\/wp-json\/wp\/v2\/tags?post=240"}],"curies":[{"name":"wp","href":"https:\/\/api.w.org\/{rel}","templated":true}]}}