{"id":2434,"date":"2009-12-03T22:47:35","date_gmt":"2009-12-03T21:47:35","guid":{"rendered":"http:\/\/aula21.net\/aulablog21\/?p=2434"},"modified":"2009-12-03T22:54:54","modified_gmt":"2009-12-03T21:54:54","slug":"eduwikis-en-el-aula-2-0","status":"publish","type":"post","link":"http:\/\/aula21.net\/aulablog21\/archives\/2009\/12\/03\/eduwikis-en-el-aula-2-0\/","title":{"rendered":"EduWikis en el Aula 2.0"},"content":{"rendered":"<p>Art\u00edculo publicado <a href=\"http:\/\/blogs.isftic.mepsyd.es\/heda\/index.php\/2009\/12\/02\/wikis-en-el-aula-2-3\" target=\"_blank\">en el blog de HEDA<\/a>.<\/p>\n<div class=\"image_block\"><a href=\"http:\/\/aula21.net\/aulablog21\/wp-content\/uploads\/2009\/12\/334px-Logowiki2.png\"><img loading=\"lazy\" decoding=\"async\" class=\"size-medium wp-image-2435 alignleft\" title=\"334px-Logowiki2\" src=\"http:\/\/aula21.net\/aulablog21\/wp-content\/uploads\/2009\/12\/334px-Logowiki2-300x186.png\" alt=\"334px-Logowiki2\" width=\"300\" height=\"186\" \/><\/a><\/div>\n<p>El monogr\u00e1fico\u00a0 <a href=\"http:\/\/recursostic.educacion.es\/observatorio\/apls\/wikiseneducacion\/web\/index.php\/P%C3%A1gina_Principal\" target=\"_blank\">Wikis en Educaci\u00f3n<\/a> naci\u00f3 el pasado mes de Junio, la inciativa parti\u00f3 de C\u00e9sar Vallejo director del <a class=\"external text\" title=\"http:\/\/observatorio.cnice.mec.es\/\" rel=\"nofollow\" href=\"http:\/\/observatorio.cnice.mec.es\/\">Observatorio Tecnol\u00f3gico<\/a> del ITE (Instituto de Tecnolog\u00edas Educativas) y Asesor T\u00e9cnico Docente del Ministerio de Educaci\u00f3n de Espa\u00f1a.<\/p>\n<p>C\u00e9sar me encarg\u00f3 la coordinaci\u00f3n de este trabajo y la selecci\u00f3n de un grupo de docentes expertos en el uso de las TIC en el aula para su desarrollo y elaboraci\u00f3n.<\/p>\n<p>La idea era romper el formato tradicional del monogr\u00e1fico \u00bfqu\u00e9 mejor que utilizar para su creaci\u00f3n un wiki en el que colaborativamente particip\u00e1ramos un grupo de docentes ?<\/p>\n<p>Nos pusimos manos a la obra e instalamos un Wiki en el servidor del ITE gestionado por Mediawiki, el mismo software que utiliza la Wikipedia.<\/p>\n<p>Una vez finalizada la primera versi\u00f3n ha sido publicada en el <a href=\"http:\/\/observatorio.cnice.mec.es\/\" target=\"_blank\">Observatorio Tecnol\u00f3gico del ITE<\/a> como monogr\u00e1fico y <a href=\"http:\/\/recursostic.educacion.es\/observatorio\/apls\/wikiseneducacion\/web\/index.php\/P%C3%A1gina_Principal\" target=\"_blank\">abrimos el wiki <\/a>a toda la comunidad para que se pueda enriquecer. Nuestra intenci\u00f3n de aqu\u00ed en adelante es hacer un seguimiento de las aportaciones con el fin de analizar algunos aspectos sobre el uso de los wikis que, tal vez, hasta ahora, no se han valorado suficientemente (participaci\u00f3n, variedad, fidelidad&#8230;)<\/p>\n<p>Manuales, tutoriales, experiencias, herramientas. sistemas de creaci\u00f3n y alojamiento de wikis, usos\u00a0 educativos de ls wikipedia. bibliograf\u00eda&#8230;..descubre el maravillosos mundo de los wikis y el enorme potencial que encierra su utilizaci\u00f3n en el \u00e1mbito acad\u00e9mico.<\/p>\n<p>El equipo que form\u00e9 qued\u00f3 constituido por orden alfab\u00e9tico as\u00ed:<\/p>\n<ul>\n<li><strong>Lourdes Barroso<\/strong>. Profesora de la especialidad de FOL (Formaci\u00f3n y Orientaci\u00f3n Laboral), en el IES Laguna de Joatzel\u00a0(Getafe), la direcci\u00f3n de su web es <a class=\"external free\" title=\"http:\/\/www.lbarroso.com\/\" rel=\"nofollow\" href=\"http:\/\/www.lbarroso.com\/\">http:\/\/www.lbarroso.com\/<\/a><\/li>\n<li><strong>Josune C\u00f3rdoba<\/strong> cuyo proyecto fin de carrera de la Ingenier\u00eda T\u00e9cnica en Inform\u00e1tica de Gesti\u00f3n (Universidad de Vigo) trata de una <a href=\"http:\/\/upcommons.upc.edu\/revistes\/bitstream\/2099\/7888\/6\/p120.pdf\" target=\"_blank\">adaptaci\u00f3n de MediaWiki para utilizarlo con fines educativos<\/a>. El mismo fue dirigido por <a href=\"http:\/\/pedrocuesta.blogspot.com\/\" target=\"_blank\">Pedro Cuesta.<\/a><\/li>\n<li><strong>Andr\u00e9s Garc\u00eda Manzano. <\/strong>Profesor de Filosof\u00eda<strong>, <\/strong>particip\u00f3 en el magn\u00edfico <a class=\"external text\" title=\"http:\/\/observatorio.cnice.mec.es\/index.php?module=subjects&amp;func=viewpage&amp;pageid=55\" rel=\"nofollow\" href=\"http:\/\/observatorio.cnice.mec.es\/index.php?module=subjects&amp;func=viewpage&amp;pageid=55\">monogr\u00e1fico que el Observatorio Tecnol\u00f3gico public\u00f3 sobre blogs y wikis<\/a><\/li>\n<li><strong>Juan Jos\u00e9 de Haro<\/strong> Twitter: <a class=\"external text\" title=\"http:\/\/twitter.com\/jjdeharo\" rel=\"nofollow\" href=\"http:\/\/twitter.com\/jjdeharo\">@jjdeharo<\/a>. <a class=\"external free\" title=\"http:\/\/jjdeharo.blogspot.com\/\" rel=\"nofollow\" href=\"http:\/\/jjdeharo.blogspot.com\/\">http:\/\/jjdeharo.blogspot.com\/<\/a> profesor de Matem\u00e1ticas e Inform\u00e1tica y coordinador TIC en Educaci\u00f3n Secundaria en un centro de Barcelona.<\/li>\n<li><strong>Francisco Mu\u00f1oz de la Pe\u00f1a<\/strong> creador de <a class=\"external text\" title=\"http:\/\/www.aula21.net\" rel=\"nofollow\" href=\"http:\/\/www.aula21.net\/\">aula21<\/a> ,profesor de F\u00edsica y Qu\u00edmica del IES Carolina Coronado de Almendralejo. La direcci\u00f3n de su wiki sobre Educaci\u00f3n 2.0 es <a class=\"external text\" title=\"http:\/\/aulablog21.wikispaces.com\/\" rel=\"nofollow\" href=\"http:\/\/aulablog21.wikispaces.com\/\">aulawiki21<\/a>.<\/li>\n<li><strong>Maria Jes\u00fas Rodriguez Arenas )<\/strong><strong>.<\/strong><a href=\"http:\/\/internetaula.ning.com\/profile\/MariaJesusRodriguezArenas\" target=\"_blank\">Profesora de Ingl\u00e9s (Infantil y Primaria)<\/a> en un Colegio de Cartagena y colaboradora de <a href=\"http:\/\/www.educacontic.es\" target=\"_blank\">educ@contic<\/a>..<\/li>\n<li><strong>Francisco Daniel S\u00e1nchez V\u00e1zquez<\/strong>, Maestro de Primaria del <a class=\"external text\" title=\"http:\/\/www.juntadeandalucia.es\/averroes\/cppfelipe\/\" rel=\"nofollow\" href=\"http:\/\/www.juntadeandalucia.es\/averroes\/cppfelipe\/\">CEIP Pr\u00edncipe Felipe<\/a> de Motril (Granada). P\u00e1ginas web: <a class=\"external text\" title=\"http:\/\/islasam.blogspot.com\/%20\" rel=\"nofollow\" href=\"http:\/\/islasam.blogspot.com\/%20\">http:\/\/islasam.blogspot.com\/<\/a>; <a class=\"external free\" title=\"http:\/\/www.proyectohormiga.org\/\" rel=\"nofollow\" href=\"http:\/\/www.proyectohormiga.org\/\">http:\/\/www.proyectohormiga.org\/<\/a> Twiter: @dasava.<\/li>\n<li><strong>Fernando Santamar\u00eda<\/strong> <a class=\"external free\" title=\"http:\/\/fernandosantamaria.com\" rel=\"nofollow\" href=\"http:\/\/fernandosantamaria.com\/\">http:\/\/fernandosantamaria.com<\/a> , Colaborador Honor\u00edfico del Dept. de Matem\u00e1tica de la Universidad de Le\u00f3n. Profesor y desarrollador de proyectos web 2.0 y formador en la Universidad de Le\u00f3n.<\/li>\n<li><strong>Carlos de Vega<\/strong>. Profesor de Matem\u00e1ticas en el IES Dolmen de Soto de Trigueros (Huelva). Twitter: <a class=\"external text\" title=\"http:\/\/twitter.com\/bicho_malo\" rel=\"nofollow\" href=\"http:\/\/twitter.com\/bicho_malo\">@bicho_malo<\/a>. Responsable del wiki <a class=\"external text\" title=\"http:\/\/iesdolmendesoto.org\/wiki\/\" rel=\"nofollow\" href=\"http:\/\/iesdolmendesoto.org\/wiki\/\">WikiDdS<\/a><\/li>\n<\/ul>\n<p>Para mi ha sido una experiencia muy enriquecedora por lo que he aprendido y muy gratificante por contar con un equipo humano tan competente y entusiasta a la hora de investigar la mejor forma de sacar todo el provecho posible al uso de las TIC en el aula en general y a los wikis en particular.<br \/>\nEspero que <a href=\"http:\/\/recursostic.educacion.es\/observatorio\/apls\/wikiseneducacion\/index.php\/P%C3%A1gina_Principal\">Eduwikis en el Aula 2.0<\/a> se convierta en un referente del uso educativo de los wikis.<\/p>\n<p>Una de sus secciones es la <a href=\"http:\/\/recursostic.educacion.es\/observatorio\/apls\/wikiseneducacion\/web\/index.php\/Categor%C3%ADa:Wikiteka_Educativa\" target=\"_blank\"><strong>Wikiteca Educativa<\/strong><\/a> en la que se recojen las experiencias m\u00e1s relevantes llevadas a cabo en nuestro pa\u00eds con <strong>eduwikis<\/strong> clasificadas por niveles educativos y \u00e1reas \u00bfa qu\u00e9 esperas para a\u00f1adir la tuya?.Para terminar agradecer al<a href=\"http:\/\/www.ite.educacion.es\/\" target=\"_blank\"> ITE<\/a> y a C\u00e9sar en particular la oportunidad que nos ha dado de poder trabajar en lo que m\u00e1s nos apasiona, sabiendo que el fin principal perseguido ha sido mejorar la Educaci\u00f3n en Espa\u00f1a con la inestimable ayuda que las herramientas de la web 2.0 ponen a nuestro alcance.<\/p>\n","protected":false},"excerpt":{"rendered":"<p>Art\u00edculo publicado en el blog de HEDA. El monogr\u00e1fico\u00a0 Wikis en Educaci\u00f3n naci\u00f3 el pasado mes de Junio, la inciativa parti\u00f3 de C\u00e9sar Vallejo director del Observatorio Tecnol\u00f3gico del ITE (Instituto de Tecnolog\u00edas Educativas) y Asesor T\u00e9cnico Docente del Ministerio de Educaci\u00f3n de Espa\u00f1a. C\u00e9sar me encarg\u00f3 la coordinaci\u00f3n de este trabajo y la selecci\u00f3n [&hellip;]<\/p>\n","protected":false},"author":1,"featured_media":0,"comment_status":"open","ping_status":"open","sticky":false,"template":"","format":"standard","meta":{"footnotes":""},"categories":[37,28,16],"tags":[],"class_list":["post-2434","post","type-post","status-publish","format-standard","hentry","category-colaboraciones","category-web20","category-wikis"],"_links":{"self":[{"href":"http:\/\/aula21.net\/aulablog21\/wp-json\/wp\/v2\/posts\/2434","targetHints":{"allow":["GET"]}}],"collection":[{"href":"http:\/\/aula21.net\/aulablog21\/wp-json\/wp\/v2\/posts"}],"about":[{"href":"http:\/\/aula21.net\/aulablog21\/wp-json\/wp\/v2\/types\/post"}],"author":[{"embeddable":true,"href":"http:\/\/aula21.net\/aulablog21\/wp-json\/wp\/v2\/users\/1"}],"replies":[{"embeddable":true,"href":"http:\/\/aula21.net\/aulablog21\/wp-json\/wp\/v2\/comments?post=2434"}],"version-history":[{"count":0,"href":"http:\/\/aula21.net\/aulablog21\/wp-json\/wp\/v2\/posts\/2434\/revisions"}],"wp:attachment":[{"href":"http:\/\/aula21.net\/aulablog21\/wp-json\/wp\/v2\/media?parent=2434"}],"wp:term":[{"taxonomy":"category","embeddable":true,"href":"http:\/\/aula21.net\/aulablog21\/wp-json\/wp\/v2\/categories?post=2434"},{"taxonomy":"post_tag","embeddable":true,"href":"http:\/\/aula21.net\/aulablog21\/wp-json\/wp\/v2\/tags?post=2434"}],"curies":[{"name":"wp","href":"https:\/\/api.w.org\/{rel}","templated":true}]}}