{"id":2446,"date":"2009-12-04T23:44:50","date_gmt":"2009-12-04T22:44:50","guid":{"rendered":"http:\/\/aula21.net\/aulablog21\/?p=2446"},"modified":"2009-12-06T17:31:16","modified_gmt":"2009-12-06T16:31:16","slug":"yo-estoy-de-acuerdo-con-javier-borderias-%c2%bfy-tu","status":"publish","type":"post","link":"http:\/\/aula21.net\/aulablog21\/archives\/2009\/12\/04\/yo-estoy-de-acuerdo-con-javier-borderias-%c2%bfy-tu\/","title":{"rendered":"Yo estoy de acuerdo con Javier Border\u00edas \u00bfy tu?"},"content":{"rendered":"<p>Un estudiante ha criticado hoy  a los sindicatos por \u00abbailarle el agua\u00bb a Zapatero durante la lectura de la Constituci\u00f3n.<br \/>\nLa vicepresidenta del Congreso, la socialista Teresa Cunillera, en una desafortunada actuaci\u00f3n le llam\u00f3 la atenci\u00f3n e interrumpi\u00f3  la lectura del texto.<\/p>\n<p>A Javier Border\u00edas Villal\u00f3n le correspond\u00eda leer el art\u00edculo 28 de la Constituci\u00f3n, que habla de los derechos de sindicaci\u00f3n y de convocatoria de huelga, pero no quiso bajarse de la tribuna del hemiciclo sin afirmar que siente \u00abpena y verg\u00fcenza\u00bb por el hecho de que los sindicatos no ejerzan este derecho de huelga \u00aben los tiempos que corren\u00bb y que \u00abse dediquen exclusivamente a bailar el agua al presidente del Gobierno\u00bb,<strong> Jos\u00e9 Luis Rodr\u00edguez Zapatero<\/strong>.<br \/>\nMala manera de ense\u00f1ar a nuestros estudiantes a respetar la libertad de expresi\u00f3n orden\u00e1ndolos callar.<\/p>\n<p>Los j\u00f3venes de nuestro pa\u00eds son m\u00e1s inteligentes de lo que los pol\u00edticos se creen.<\/p>\n<p><a href=\"http:\/\/www.20minutos.es\/noticia\/581351\/7\/\" target=\"_blank\">Leer noticia en 20 minutos<\/a>.<\/p>\n<p><a href=\"http:\/\/www.lavozdegalicia.es\/espana\/2009\/12\/04\/00031259928402608879718.htm\" target=\"_blank\">Ver v\u00eddeo.<\/a><\/p>\n","protected":false},"excerpt":{"rendered":"<p>Un estudiante ha criticado hoy a los sindicatos por \u00abbailarle el agua\u00bb a Zapatero durante la lectura de la Constituci\u00f3n. La vicepresidenta del Congreso, la socialista Teresa Cunillera, en una desafortunada actuaci\u00f3n le llam\u00f3 la atenci\u00f3n e interrumpi\u00f3 la lectura del texto. A Javier Border\u00edas Villal\u00f3n le correspond\u00eda leer el art\u00edculo 28 de la Constituci\u00f3n, [&hellip;]<\/p>\n","protected":false},"author":1,"featured_media":0,"comment_status":"closed","ping_status":"closed","sticky":false,"template":"","format":"standard","meta":{"footnotes":""},"categories":[17,19],"tags":[],"class_list":["post-2446","post","type-post","status-publish","format-standard","hentry","category-articulos","category-educacion"],"_links":{"self":[{"href":"http:\/\/aula21.net\/aulablog21\/wp-json\/wp\/v2\/posts\/2446","targetHints":{"allow":["GET"]}}],"collection":[{"href":"http:\/\/aula21.net\/aulablog21\/wp-json\/wp\/v2\/posts"}],"about":[{"href":"http:\/\/aula21.net\/aulablog21\/wp-json\/wp\/v2\/types\/post"}],"author":[{"embeddable":true,"href":"http:\/\/aula21.net\/aulablog21\/wp-json\/wp\/v2\/users\/1"}],"replies":[{"embeddable":true,"href":"http:\/\/aula21.net\/aulablog21\/wp-json\/wp\/v2\/comments?post=2446"}],"version-history":[{"count":0,"href":"http:\/\/aula21.net\/aulablog21\/wp-json\/wp\/v2\/posts\/2446\/revisions"}],"wp:attachment":[{"href":"http:\/\/aula21.net\/aulablog21\/wp-json\/wp\/v2\/media?parent=2446"}],"wp:term":[{"taxonomy":"category","embeddable":true,"href":"http:\/\/aula21.net\/aulablog21\/wp-json\/wp\/v2\/categories?post=2446"},{"taxonomy":"post_tag","embeddable":true,"href":"http:\/\/aula21.net\/aulablog21\/wp-json\/wp\/v2\/tags?post=2446"}],"curies":[{"name":"wp","href":"https:\/\/api.w.org\/{rel}","templated":true}]}}