{"id":2450,"date":"2009-12-05T20:23:11","date_gmt":"2009-12-05T19:23:11","guid":{"rendered":"http:\/\/aula21.net\/aulablog21\/?p=2450"},"modified":"2009-12-05T20:28:39","modified_gmt":"2009-12-05T19:28:39","slug":"entrevista-a-f-munoz-de-la-pena-en-comunicacion-y-pedagogia","status":"publish","type":"post","link":"http:\/\/aula21.net\/aulablog21\/archives\/2009\/12\/05\/entrevista-a-f-munoz-de-la-pena-en-comunicacion-y-pedagogia\/","title":{"rendered":"Entrevista a F. Mu\u00f1oz de la Pe\u00f1a en Comunicaci\u00f3n y Pedagog\u00eda"},"content":{"rendered":"<p>En el n\u00famero 238 de diciembre de\u00a0<a href=\"http:\/\/www.comunicacionypedagogia.com\/cyp.html\" target=\"_blank\"> Comunicaci\u00f3n y Pedagog\u00eda<\/a> prestigiosa Revista sobre las Tecnolog\u00edas de la Informaci\u00f3n y la <em>Comunicaci\u00f3n<\/em> aplicadas a la educaci\u00f3n\u00a0 aparece publicada <a href=\"http:\/\/www.scribd.com\/doc\/23719719\/entrevista-aula21\" target=\"_blank\">una entrevista<\/a> que me hizo Raul Mercadal.<br \/>\nEl original no lo tengo escaneado por lo que publicar\u00e9 la entrevista en pdf que me mandaron para su revisi\u00f3n.<\/p>\n<p style=\"text-align: center;\"><a href=\"http:\/\/www.scribd.com\/doc\/23719719\/entrevista-aula21\" target=\"_blank\"><img loading=\"lazy\" decoding=\"async\" class=\"aligncenter size-medium wp-image-2451\" style=\"border: 1px solid black;\" title=\"Imagen 1\" src=\"http:\/\/aula21.net\/aulablog21\/wp-content\/uploads\/2009\/12\/Imagen-1-300x255.png\" alt=\"Imagen 1\" width=\"300\" height=\"255\" \/><\/a><\/p>\n<p>Termino diciendo:<\/p>\n<blockquote><p>Los responsbles del cambio educativo hemos de ser los profesores que estamos a pie de aula,<br \/>\nhace tiempo que est\u00e1n sobrando muchos pol\u00edticos, sindicalistas, pedagogos y dem\u00e1s espec\u00edmenes que llevan 20 a\u00f1os protagonizando las innumerables y fracasadas reformas sufridas.<br \/>\nSalir de la crisis actual en la que estamos inmersos pasa necesariamente por llevar a cabo un cambio educativo revolucionario y en este cambio el uso de Internet y las redes sociales debe jugar un papel muy importante.<\/p><\/blockquote>\n<p><a style=\"margin: 12px auto 6px auto; font-family: Helvetica,Arial,Sans-serif; font-style: normal; font-variant: normal; font-weight: normal; font-size: 14px; line-height: normal; font-size-adjust: none; font-stretch: normal; -x-system-font: none; display: block; text-decoration: underline;\" title=\"View entrevista_aula21 on Scribd\" href=\"http:\/\/www.scribd.com\/doc\/23719719\/entrevista-aula21\">entrevista_aula21<\/a> <object id=\"doc_732672661140036\" classid=\"clsid:d27cdb6e-ae6d-11cf-96b8-444553540000\" width=\"450\" height=\"500\" codebase=\"http:\/\/download.macromedia.com\/pub\/shockwave\/cabs\/flash\/swflash.cab#version=6,0,40,0\"><param name=\"name\" value=\"doc_732672661140036\" \/><param name=\"align\" value=\"middle\" \/><param name=\"quality\" value=\"high\" \/><param name=\"play\" value=\"true\" \/><param name=\"loop\" value=\"true\" \/><param name=\"scale\" value=\"showall\" \/><param name=\"wmode\" value=\"opaque\" \/><param name=\"devicefont\" value=\"false\" \/><param name=\"bgcolor\" value=\"#ffffff\" \/><param name=\"menu\" value=\"true\" \/><param name=\"allowFullScreen\" value=\"true\" \/><param name=\"allowScriptAccess\" value=\"always\" \/><param name=\"mode\" value=\"slideshow\" \/><param name=\"src\" value=\"http:\/\/d1.scribdassets.com\/ScribdViewer.swf?document_id=23719719&amp;access_key=key-2h2sjguj5j113roaqje2&amp;page=1&amp;version=1&amp;viewMode=slideshow\" \/><param name=\"allowfullscreen\" value=\"true\" \/><embed id=\"doc_732672661140036\" type=\"application\/x-shockwave-flash\" width=\"450\" height=\"500\" src=\"http:\/\/d1.scribdassets.com\/ScribdViewer.swf?document_id=23719719&amp;access_key=key-2h2sjguj5j113roaqje2&amp;page=1&amp;version=1&amp;viewMode=slideshow\" mode=\"slideshow\" allowscriptaccess=\"always\" allowfullscreen=\"true\" menu=\"true\" bgcolor=\"#ffffff\" devicefont=\"false\" wmode=\"opaque\" scale=\"showall\" loop=\"true\" play=\"true\" quality=\"high\" align=\"middle\" name=\"doc_732672661140036\"><\/embed><\/object><\/p>\n","protected":false},"excerpt":{"rendered":"<p>En el n\u00famero 238 de diciembre de\u00a0 Comunicaci\u00f3n y Pedagog\u00eda prestigiosa Revista sobre las Tecnolog\u00edas de la Informaci\u00f3n y la Comunicaci\u00f3n aplicadas a la educaci\u00f3n\u00a0 aparece publicada una entrevista que me hizo Raul Mercadal. El original no lo tengo escaneado por lo que publicar\u00e9 la entrevista en pdf que me mandaron para su revisi\u00f3n. Termino [&hellip;]<\/p>\n","protected":false},"author":1,"featured_media":0,"comment_status":"open","ping_status":"open","sticky":false,"template":"","format":"standard","meta":{"footnotes":""},"categories":[17,37,19,29,7,18],"tags":[],"class_list":["post-2450","post","type-post","status-publish","format-standard","hentry","category-articulos","category-colaboraciones","category-educacion","category-lecturas","category-personal","category-tic"],"_links":{"self":[{"href":"http:\/\/aula21.net\/aulablog21\/wp-json\/wp\/v2\/posts\/2450","targetHints":{"allow":["GET"]}}],"collection":[{"href":"http:\/\/aula21.net\/aulablog21\/wp-json\/wp\/v2\/posts"}],"about":[{"href":"http:\/\/aula21.net\/aulablog21\/wp-json\/wp\/v2\/types\/post"}],"author":[{"embeddable":true,"href":"http:\/\/aula21.net\/aulablog21\/wp-json\/wp\/v2\/users\/1"}],"replies":[{"embeddable":true,"href":"http:\/\/aula21.net\/aulablog21\/wp-json\/wp\/v2\/comments?post=2450"}],"version-history":[{"count":0,"href":"http:\/\/aula21.net\/aulablog21\/wp-json\/wp\/v2\/posts\/2450\/revisions"}],"wp:attachment":[{"href":"http:\/\/aula21.net\/aulablog21\/wp-json\/wp\/v2\/media?parent=2450"}],"wp:term":[{"taxonomy":"category","embeddable":true,"href":"http:\/\/aula21.net\/aulablog21\/wp-json\/wp\/v2\/categories?post=2450"},{"taxonomy":"post_tag","embeddable":true,"href":"http:\/\/aula21.net\/aulablog21\/wp-json\/wp\/v2\/tags?post=2450"}],"curies":[{"name":"wp","href":"https:\/\/api.w.org\/{rel}","templated":true}]}}