{"id":2506,"date":"2009-12-11T23:38:10","date_gmt":"2009-12-11T22:38:10","guid":{"rendered":"http:\/\/aula21.net\/aulablog21\/?p=2506"},"modified":"2009-12-11T23:51:07","modified_gmt":"2009-12-11T22:51:07","slug":"25-anos-de-nada","status":"publish","type":"post","link":"http:\/\/aula21.net\/aulablog21\/archives\/2009\/12\/11\/25-anos-de-nada\/","title":{"rendered":"25 a\u00f1os de nada"},"content":{"rendered":"<p><!--adsense--><br \/>\n<a href=\"http:\/\/www.rtve.es\/television\/la-bola-de-cristal\/\" target=\"_blank\">La Bola de Cristal de TVE<\/a> el maravilloso programa que a muchos nos cautiv\u00f3 cumple 25 a\u00f1os. Por favor que echen de nuevo programas imaginativos c\u00f3mo este.<br \/>\n<object classid=\"clsid:d27cdb6e-ae6d-11cf-96b8-444553540000\" width=\"425\" height=\"344\" codebase=\"http:\/\/download.macromedia.com\/pub\/shockwave\/cabs\/flash\/swflash.cab#version=6,0,40,0\"><param name=\"allowFullScreen\" value=\"true\" \/><param name=\"allowScriptAccess\" value=\"always\" \/><param name=\"src\" value=\"http:\/\/www.youtube.com\/v\/4QviHtp2fZg&amp;color1=0xb1b1b1&amp;color2=0xcfcfcf&amp;hl=es_ES&amp;feature=player_embedded&amp;fs=1\" \/><param name=\"allowfullscreen\" value=\"true\" \/><embed type=\"application\/x-shockwave-flash\" width=\"425\" height=\"344\" src=\"http:\/\/www.youtube.com\/v\/4QviHtp2fZg&amp;color1=0xb1b1b1&amp;color2=0xcfcfcf&amp;hl=es_ES&amp;feature=player_embedded&amp;fs=1\" allowscriptaccess=\"always\" allowfullscreen=\"true\"><\/embed><\/object><\/p>\n<p>Mi versi\u00f3n favorita de la canci\u00f3n era la de Santigo Auser\u00f3n l\u00edder de Radio Futura.<\/p>\n<p><object classid=\"clsid:d27cdb6e-ae6d-11cf-96b8-444553540000\" width=\"445\" height=\"364\" codebase=\"http:\/\/download.macromedia.com\/pub\/shockwave\/cabs\/flash\/swflash.cab#version=6,0,40,0\"><param name=\"allowFullScreen\" value=\"true\" \/><param name=\"allowscriptaccess\" value=\"always\" \/><param name=\"src\" value=\"http:\/\/www.youtube.com\/v\/EHbDg_Tu4EM&amp;hl=es_ES&amp;fs=1&amp;color1=0xcc2550&amp;color2=0xe87a9f&amp;border=1\" \/><param name=\"allowfullscreen\" value=\"true\" \/><embed type=\"application\/x-shockwave-flash\" width=\"445\" height=\"364\" src=\"http:\/\/www.youtube.com\/v\/EHbDg_Tu4EM&amp;hl=es_ES&amp;fs=1&amp;color1=0xcc2550&amp;color2=0xe87a9f&amp;border=1\" allowscriptaccess=\"always\" allowfullscreen=\"true\"><\/embed><\/object><\/p>\n<p>En <a href=\"http:\/\/www.rtve.es\/television\/la-bola-de-cristal\/\" target=\"_blank\">La Bola de Cristal de TVE<\/a> pasar\u00e1s un buen rato si eres cuarent\u00f3n\/a.<\/p>\n<p>En Facebook hay <a href=\"http:\/\/www.facebook.com\/#\/search\/?flt=1&amp;q=la%20bola%20de%20cristal&amp;o=65&amp;sid=1016703790.2735656909..1\">dos p\u00e1ginas de fans <\/a>que suman m\u00e1s de 65.000 miembros y en <a href=\"http:\/\/www.youtube.com\/results?search_query=bola+de+cristal&amp;search_type=&amp;aq=f\">YouTube hay miles de v\u00eddeos <\/a>de La Bola y sus personajes.<\/p>\n","protected":false},"excerpt":{"rendered":"<p>La Bola de Cristal de TVE el maravilloso programa que a muchos nos cautiv\u00f3 cumple 25 a\u00f1os. Por favor que echen de nuevo programas imaginativos c\u00f3mo este. Mi versi\u00f3n favorita de la canci\u00f3n era la de Santigo Auser\u00f3n l\u00edder de Radio Futura. En La Bola de Cristal de TVE pasar\u00e1s un buen rato si eres [&hellip;]<\/p>\n","protected":false},"author":1,"featured_media":0,"comment_status":"open","ping_status":"open","sticky":false,"template":"","format":"standard","meta":{"footnotes":""},"categories":[25,1],"tags":[],"class_list":["post-2506","post","type-post","status-publish","format-standard","hentry","category-eventos","category-miscelanea"],"_links":{"self":[{"href":"http:\/\/aula21.net\/aulablog21\/wp-json\/wp\/v2\/posts\/2506","targetHints":{"allow":["GET"]}}],"collection":[{"href":"http:\/\/aula21.net\/aulablog21\/wp-json\/wp\/v2\/posts"}],"about":[{"href":"http:\/\/aula21.net\/aulablog21\/wp-json\/wp\/v2\/types\/post"}],"author":[{"embeddable":true,"href":"http:\/\/aula21.net\/aulablog21\/wp-json\/wp\/v2\/users\/1"}],"replies":[{"embeddable":true,"href":"http:\/\/aula21.net\/aulablog21\/wp-json\/wp\/v2\/comments?post=2506"}],"version-history":[{"count":0,"href":"http:\/\/aula21.net\/aulablog21\/wp-json\/wp\/v2\/posts\/2506\/revisions"}],"wp:attachment":[{"href":"http:\/\/aula21.net\/aulablog21\/wp-json\/wp\/v2\/media?parent=2506"}],"wp:term":[{"taxonomy":"category","embeddable":true,"href":"http:\/\/aula21.net\/aulablog21\/wp-json\/wp\/v2\/categories?post=2506"},{"taxonomy":"post_tag","embeddable":true,"href":"http:\/\/aula21.net\/aulablog21\/wp-json\/wp\/v2\/tags?post=2506"}],"curies":[{"name":"wp","href":"https:\/\/api.w.org\/{rel}","templated":true}]}}