{"id":2596,"date":"2010-01-30T20:25:16","date_gmt":"2010-01-30T19:25:16","guid":{"rendered":"http:\/\/aula21.net\/aulablog21\/?p=2596"},"modified":"2010-01-30T20:33:11","modified_gmt":"2010-01-30T19:33:11","slug":"el-dia-de-la-paz-en-el-colegio-san-walabonso","status":"publish","type":"post","link":"http:\/\/aula21.net\/aulablog21\/archives\/2010\/01\/30\/el-dia-de-la-paz-en-el-colegio-san-walabonso\/","title":{"rendered":"El d\u00eda de la Paz en el Colegio San Walabonso"},"content":{"rendered":"<p><!--adsense--><br \/>\nHace ya muchos a\u00f1os que sigo con gran inter\u00e9s las actividades que se llevan a cabo en uno de los colegios de Infantil y Primaria punteros de nuestro pa\u00eds,<a href=\"http:\/\/www.juntadeandalucia.es\/averroes\/sanwalabonso\/\"> el San Walabonso de Niebla (Huelva)<\/a>. No hace mucho escrib\u00ed <a href=\"http:\/\/www.educacontic.es\/blog\/buenas-practicas-en-el-colegio-san-walabonso-de-niebla\" target=\"_blank\">un extenso art\u00edculo sobre el mismo en educ@contic<\/a>.<\/p>\n<p>Hoy gracias a la informaci\u00f3n que me ha mandado el profesor Francisco Garc\u00eda P\u00e1ez quiero hacerme eco de las preciosas y enriquecedoras<a href=\"http:\/\/www.tabblo.com\/studio\/stories\/view\/1781021\/\" target=\"_blank\"> actividades que han llevado a cabo con motivo del d\u00eda de la Paz<\/a>.<\/p>\n<p>Los alumnos han recitado y grabado en v\u00eddeo cuentos para la Paz<br \/>\n<object classid=\"clsid:d27cdb6e-ae6d-11cf-96b8-444553540000\" width=\"425\" height=\"344\" codebase=\"http:\/\/download.macromedia.com\/pub\/shockwave\/cabs\/flash\/swflash.cab#version=6,0,40,0\"><param name=\"allowFullScreen\" value=\"true\" \/><param name=\"allowscriptaccess\" value=\"always\" \/><param name=\"src\" value=\"http:\/\/www.youtube.com\/v\/248m4hKSfL8&amp;hl=es_ES&amp;fs=1&amp;color1=0xcc2550&amp;color2=0xe87a9f\" \/><param name=\"allowfullscreen\" value=\"true\" \/><embed type=\"application\/x-shockwave-flash\" width=\"425\" height=\"344\" src=\"http:\/\/www.youtube.com\/v\/248m4hKSfL8&amp;hl=es_ES&amp;fs=1&amp;color1=0xcc2550&amp;color2=0xe87a9f\" allowscriptaccess=\"always\" allowfullscreen=\"true\"><\/embed><\/object><\/p>\n<p><span class=\"description\">\u00abAmor por un Hermano\u00bb es el cuento que ha  realizado la clase de 5\u00ba A<\/span><br \/>\n<object classid=\"clsid:d27cdb6e-ae6d-11cf-96b8-444553540000\" width=\"425\" height=\"344\" codebase=\"http:\/\/download.macromedia.com\/pub\/shockwave\/cabs\/flash\/swflash.cab#version=6,0,40,0\"><param name=\"allowFullScreen\" value=\"true\" \/><param name=\"allowscriptaccess\" value=\"always\" \/><param name=\"src\" value=\"http:\/\/www.youtube.com\/v\/ksxu3zR1Awk&amp;hl=es_ES&amp;fs=1&amp;color1=0xcc2550&amp;color2=0xe87a9f\" \/><param name=\"allowfullscreen\" value=\"true\" \/><embed type=\"application\/x-shockwave-flash\" width=\"425\" height=\"344\" src=\"http:\/\/www.youtube.com\/v\/ksxu3zR1Awk&amp;hl=es_ES&amp;fs=1&amp;color1=0xcc2550&amp;color2=0xe87a9f\" allowscriptaccess=\"always\" allowfullscreen=\"true\"><\/embed><\/object><br \/>\n<span class=\"description\">Un mont\u00f3n de Actividades m\u00e1s podemos ver en:<\/span><\/p>\n<p style=\"margin-top: 0pt; margin-bottom: 3px;\" align=\"justify\"><strong> <span style=\"font-family: Verdana; color: #666666; font-size: x-small;\"> <a href=\"http:\/\/www.juntadeandalucia.es\/averroes\/sanwalabonso\/wqyct\/oq_paz\/\"> Pa\u00edses en conflicto<\/a><\/span><\/strong><\/p>\n<p style=\"margin-top: 3px; margin-bottom: 3px;\" align=\"justify\"><strong> <span style=\"font-family: Verdana; font-size: x-small;\"> <a href=\"http:\/\/www.juntadeandalucia.es\/averroes\/sanwalabonso\/wqyct\/wq_cuentosdepaz\/\"> \u00c9rase una vez la Paz (biling\u00fce)<\/a><\/span><\/strong><\/p>\n<p style=\"margin-top: 3px; margin-bottom: 3px;\" align=\"justify\"><strong><span style=\"font-family: Verdana; font-size: x-small;\"> <a href=\"http:\/\/www.juntadeandalucia.es\/averroes\/sanwalabonso\/wqyct\/wq_cuentosdepaz\/index_en.html\"> English version<\/a><\/span><\/strong><\/p>\n<p style=\"margin-top: 3px; margin-bottom: 3px;\" align=\"justify\"><strong> <span style=\"font-family: Verdana; font-size: x-small;\"> <a href=\"http:\/\/www.juntadeandalucia.es\/averroes\/sanwalabonso\/wqyct\/oq_cuentosparalapaz\/\"> Cuentos para la Paz<\/a><\/span><\/strong><\/p>\n<p style=\"margin-top: 3px; margin-bottom: 3px;\" align=\"justify\"><strong> <span style=\"font-family: Verdana; font-size: x-small;\"> <a href=\"http:\/\/www.juntadeandalucia.es\/averroes\/sanwalabonso\/diadelapaz\/juegosparaeldiadelapaz\/\"> Juegos para el D\u00eda de la Paz<\/a><\/span><\/strong><\/p>\n<p style=\"margin-top: 3px; margin-bottom: 3px;\" align=\"justify\"><strong> <span style=\"font-family: Verdana; font-size: x-small;\"> <a href=\"http:\/\/www.juntadeandalucia.es\/averroes\/sanwalabonso\/diadelapaz\/diadelapaz.htm\"> Actos por la Paz<\/a><\/span><\/strong><\/p>\n<p style=\"margin-top: 3px; margin-bottom: 3px;\" align=\"justify\"><strong> <span style=\"font-family: Verdana; font-size: x-small;\"> <a href=\"http:\/\/www.juntadeandalucia.es\/averroes\/sanwalabonso\/diadelapaz\/fotospazweb\/index.htm\"> Fotos del D\u00eda de la Paz<\/a><\/span><\/strong><\/p>\n<p style=\"margin-top: 3px; margin-bottom: 3px;\" align=\"justify\"><strong><span style=\"font-family: Verdana; font-size: x-small;\"> <a href=\"http:\/\/www.flickr.com\/photos\/colegiosanwalabonso\/sets\/72157623166777849\/\"> Fotos del Movimiento \u00abHippie\u00bb<\/a><\/span><\/strong><\/p>\n<p style=\"margin-top: 3px; margin-bottom: 3px;\" align=\"justify\"><strong><span style=\"font-family: Verdana; font-size: x-small;\"> <a href=\"http:\/\/www.flickr.com\/photos\/colegiosanwalabonso\/sets\/72157623166777849\/show\/\"> Fotos del intercambio de armas por flores<\/a><\/span><\/strong><\/p>\n<p style=\"margin-top: 3px; margin-bottom: 3px;\" align=\"justify\"><strong> <span style=\"font-family: Verdana; font-size: x-small;\"> <a href=\"http:\/\/unmensajedepaz.blogspot.com\/\">Un blog  para la                    Paz<\/a><\/span><\/strong><\/p>\n<p style=\"margin-top: 3px; margin-bottom: 3px;\" align=\"justify\"><strong><span style=\"font-family: Verdana; font-size: x-small;\"> <a href=\"http:\/\/www.youtube.com\/watch?v=rPZRi1NOBC0\">V\u00eddeo:  La                    Muralla 07-08<\/a><\/span><\/strong><\/p>\n<p style=\"margin-top: 3px; margin-bottom: 3px;\" align=\"justify\"><strong><span style=\"font-family: Verdana; font-size: x-small;\"> <a href=\"http:\/\/www.youtube.com\/watch?v=YX_DYAXJKG4\">V\u00eddeo:  No                    dudar\u00eda 08-09<\/a><\/span><\/strong><\/p>\n<p style=\"margin-top: 3px; margin-bottom: 0pt;\" align=\"justify\"><strong> <span style=\"font-family: Verdana; font-size: x-small;\"> <a href=\"http:\/\/www.juntadeandalucia.es\/averroes\/sanwalabonso\/alumnado\/manifiestos\/paz\/paz.htm\"> Manifiestos y mensajes de Paz<\/a><\/span><\/strong><\/p>\n","protected":false},"excerpt":{"rendered":"<p>Hace ya muchos a\u00f1os que sigo con gran inter\u00e9s las actividades que se llevan a cabo en uno de los colegios de Infantil y Primaria punteros de nuestro pa\u00eds, el San Walabonso de Niebla (Huelva). No hace mucho escrib\u00ed un extenso art\u00edculo sobre el mismo en educ@contic. Hoy gracias a la informaci\u00f3n que me ha [&hellip;]<\/p>\n","protected":false},"author":1,"featured_media":0,"comment_status":"open","ping_status":"open","sticky":false,"template":"","format":"standard","meta":{"footnotes":""},"categories":[8,20,28],"tags":[],"class_list":["post-2596","post","type-post","status-publish","format-standard","hentry","category-educacion_e_internet","category-video","category-web20"],"_links":{"self":[{"href":"http:\/\/aula21.net\/aulablog21\/wp-json\/wp\/v2\/posts\/2596","targetHints":{"allow":["GET"]}}],"collection":[{"href":"http:\/\/aula21.net\/aulablog21\/wp-json\/wp\/v2\/posts"}],"about":[{"href":"http:\/\/aula21.net\/aulablog21\/wp-json\/wp\/v2\/types\/post"}],"author":[{"embeddable":true,"href":"http:\/\/aula21.net\/aulablog21\/wp-json\/wp\/v2\/users\/1"}],"replies":[{"embeddable":true,"href":"http:\/\/aula21.net\/aulablog21\/wp-json\/wp\/v2\/comments?post=2596"}],"version-history":[{"count":0,"href":"http:\/\/aula21.net\/aulablog21\/wp-json\/wp\/v2\/posts\/2596\/revisions"}],"wp:attachment":[{"href":"http:\/\/aula21.net\/aulablog21\/wp-json\/wp\/v2\/media?parent=2596"}],"wp:term":[{"taxonomy":"category","embeddable":true,"href":"http:\/\/aula21.net\/aulablog21\/wp-json\/wp\/v2\/categories?post=2596"},{"taxonomy":"post_tag","embeddable":true,"href":"http:\/\/aula21.net\/aulablog21\/wp-json\/wp\/v2\/tags?post=2596"}],"curies":[{"name":"wp","href":"https:\/\/api.w.org\/{rel}","templated":true}]}}