{"id":265,"date":"2005-04-03T23:31:34","date_gmt":"2005-04-03T22:31:34","guid":{"rendered":"http:\/\/127.0.0.1\/wordpress2\/index.php\/archives\/2005\/04\/03\/cuaderno-de-clase\/"},"modified":"2005-04-03T23:36:02","modified_gmt":"2005-04-03T22:36:02","slug":"cuaderno-de-clase","status":"publish","type":"post","link":"http:\/\/aula21.net\/aulablog21\/archives\/2005\/04\/03\/cuaderno-de-clase\/","title":{"rendered":"Cuaderno de clase"},"content":{"rendered":"<p><a href=\"http:\/\/www.auladeletras.net\/blog\/\">Cuaderno de clase<\/a> es el nuevo blog de Jos\u00e9 M\u00aa Gonz\u00e1lez-Serna .\u00a0Adem\u00e1s ha creado un blog\u00a0 multiusuario de la clase de Lengua para que participen sus alumnos\u00a0 <a href=\"http:\/\/www.iescarmenlaffon.net\/serna\/alumnado\/\">http:\/\/www.iescarmenlaffon.net\/serna\/alumnado\/<\/a> <\/p>\n<p>Jos\u00e9 Mar\u00eda es el creador de<a href=\"http:\/\/www.auladeletras.net\/apuntes\/\"> Aula de letras. Un sitio para el amante de las Humanidades una de mis p\u00e1ginas favoritas <\/a>, es de las personas que mejor ha trabajado el tema de las <a href=\"http:\/\/www.auladeletras.net\/webquest.html\">WebQuests\u00a0 <\/a>en nuestro pa\u00eds, todos sus trabajos los tengo referenciados en <a href=\"file:\/\/\/C:\/Documents%20and%20Settings\/Paco\/Escritorio\/aula21.net\">aula21.net<\/a> . Tambi\u00e9n es muy aficionado al uso de <a href=\"http:\/\/www.auladeletras.net\/potatoes.html\">Hot Potatoes<\/a>.<\/p>\n<p>Una de las cosas escondidas en su Web que m\u00e1s me han gustado ha sido los materiales que ha creado para Roc\u00edo , en el apartado que le dedica a esta alumna podemos leer:<\/p>\n<p><em>Roc\u00edo es una alumna de mi instituto que ha estado matriculada este a\u00f1o en 3\u00ba de secundaria. Roc\u00edo es discapacitada mot\u00f3rica y apenas puede mover un brazo.No puede hablar. Bueno, habla con los ojos, pero al principio cuesta trabajo comprenderla. Roc\u00edo quiere aprender y Roc\u00edo se merece aprender.<\/em><\/p>\n<p><em>Los materiales de esta p\u00e1gina han sido hechos para ella, adaptados a sus posibilidades de comunicaci\u00f3n, para que con los m\u00ednimos movimientos posibles pudiera navegar por unas p\u00e1ginas en las que ten\u00eda el planteamiento te\u00f3rico o pudiera contestar un cuestionario sobre esos contenidos. Para trabajar la asignatura de Lengua y Literatura Espa\u00f1ola con Roc\u00edo he desarrollado los materiales en dos formatos: <\/em><a href=\"http:\/\/www.auladeletras.net\/material\/rocio\/inicio.htm\">(Sigue) <\/a><\/p>\n<p>Me parece impresionante la labor de Jos\u00e9 Mar\u00eda y lo que ha elaborado para Roc\u00edo pues simplemente me quito el sombrero&#8230;. Y luego hay gente que dice que los profes trabajamos poco. Enhorabuena por todo y gracias por compartir tan buen quehacer con todos los asiduos de tus extraordinarias p\u00e1ginas.<\/p>\n","protected":false},"excerpt":{"rendered":"<p>Cuaderno de clase es el nuevo blog de Jos\u00e9 M\u00aa Gonz\u00e1lez-Serna .\u00a0Adem\u00e1s ha creado un blog\u00a0 multiusuario de la clase de Lengua para que participen sus alumnos\u00a0 http:\/\/www.iescarmenlaffon.net\/serna\/alumnado\/ Jos\u00e9 Mar\u00eda es el creador de Aula de letras. Un sitio para el amante de las Humanidades una de mis p\u00e1ginas favoritas , es de las personas [&hellip;]<\/p>\n","protected":false},"author":1,"featured_media":0,"comment_status":"open","ping_status":"open","sticky":false,"template":"","format":"standard","meta":{"footnotes":""},"categories":[2],"tags":[],"class_list":["post-265","post","type-post","status-publish","format-standard","hentry","category-weblogs_en_el_aula"],"_links":{"self":[{"href":"http:\/\/aula21.net\/aulablog21\/wp-json\/wp\/v2\/posts\/265","targetHints":{"allow":["GET"]}}],"collection":[{"href":"http:\/\/aula21.net\/aulablog21\/wp-json\/wp\/v2\/posts"}],"about":[{"href":"http:\/\/aula21.net\/aulablog21\/wp-json\/wp\/v2\/types\/post"}],"author":[{"embeddable":true,"href":"http:\/\/aula21.net\/aulablog21\/wp-json\/wp\/v2\/users\/1"}],"replies":[{"embeddable":true,"href":"http:\/\/aula21.net\/aulablog21\/wp-json\/wp\/v2\/comments?post=265"}],"version-history":[{"count":0,"href":"http:\/\/aula21.net\/aulablog21\/wp-json\/wp\/v2\/posts\/265\/revisions"}],"wp:attachment":[{"href":"http:\/\/aula21.net\/aulablog21\/wp-json\/wp\/v2\/media?parent=265"}],"wp:term":[{"taxonomy":"category","embeddable":true,"href":"http:\/\/aula21.net\/aulablog21\/wp-json\/wp\/v2\/categories?post=265"},{"taxonomy":"post_tag","embeddable":true,"href":"http:\/\/aula21.net\/aulablog21\/wp-json\/wp\/v2\/tags?post=265"}],"curies":[{"name":"wp","href":"https:\/\/api.w.org\/{rel}","templated":true}]}}