{"id":2651,"date":"2010-02-21T12:46:54","date_gmt":"2010-02-21T11:46:54","guid":{"rendered":"http:\/\/aula21.net\/aulablog21\/?p=2651"},"modified":"2010-02-21T12:50:09","modified_gmt":"2010-02-21T11:50:09","slug":"participa-en-la-vii-edicion-del-concurso-escolar-de-hoy","status":"publish","type":"post","link":"http:\/\/aula21.net\/aulablog21\/archives\/2010\/02\/21\/participa-en-la-vii-edicion-del-concurso-escolar-de-hoy\/","title":{"rendered":"Participa en la VII edici\u00f3n del Concurso Escolar de HOY"},"content":{"rendered":"<p><a href=\"http:\/\/concursoescolar.hoy.es\/\" target=\"_blank\"><img loading=\"lazy\" decoding=\"async\" class=\"alignleft\" src=\"http:\/\/www.hoy.es\/prensa\/noticias\/201002\/07\/fotos\/1229642.jpg\" alt=\"\" width=\"300\" height=\"219\" \/><\/a>El d\u00eda 3 de Feberero comenz\u00f3 el plazo de inscripci\u00f3n para el primer certamen que se realizar\u00e1 \u00edntegramente a trav\u00e9s de Internet y finaliza el d\u00eda 28 de Febrero.<br \/>\nMi amiga y a la vez compa\u00f1era Hortensia ha inscrito a los <a href=\"http:\/\/superdiver3.blogspot.com\">Superdiver<\/a> que son los extraordinarios chicos que cursan 3\u00ba de Diversificaci\u00f3n en el IES carolina Coronado de Almendralejo, pensamos que una experiencia as\u00ed puede ser muy enriquecedora tanto para los alumnos como para los docentes, es una tarea real, rica y relevante que nos permite escapar m\u00e1s alla de las aburridas rutinas diarias.<\/p>\n<p>Este a\u00f1o, el certamen tendr\u00e1 una importante novedad. Acorde con la  presencia que Internet tiene en la vida de los j\u00f3venes y la  proliferaci\u00f3n de los portales web de informaci\u00f3n, esta ser\u00e1 la primera  edici\u00f3n digital.<\/p>\n<p>Participar es muy sencillo,basta con ser alumno  de Ense\u00f1anza Secundaria (1\u00ba a 4\u00ba de ESO), Primero de Bachillerato,  Primero de Ciclos Formativos de Grado Medio y de Cursos de Garant\u00eda  Social de centros de Extremadura, tanto p\u00fablicos como privados o  concertados.<\/p>\n<div class=\"p\">El primer paso es formar un equipo que tenga un m\u00e1ximo de  seis miembros y un m\u00ednimo de cinco. Cada grupo deber\u00e1 inventarse un  nombre o un seud\u00f3nimo con el que identificarse. Una vez hechas las  agrupaciones llega el momento de inscribirse.<\/div>\n<p><a href=\"http:\/\/concursoescolar.hoy.es\/grupos.php\" target=\"_blank\">De momento hay 26 grupos inscritos <\/a>y el de nuestros alumnos a\u00fan no aparece.<br \/>\n<iframe loading=\"lazy\" width=\"468\" height=\"575\" frameborder=\"0\" scrolling=\"yes\" marginheight=\"0\" marginwidth=\"0\" src=\"http:\/\/maps.google.es\/maps\/ms?client=firefox-a&amp;hl=es&amp;ie=UTF8&amp;msa=0&amp;msid=113713175173489529835.00047ec8d166b267dd90f&amp;ll=37.770715,-5.690918&amp;spn=4.992572,7.218018&amp;z=7&amp;output=embed\"><\/iframe>  <\/p>\n<div class=\"p\"><a href=\"http:\/\/concursoescolar.hoy.es\/premios.php\" target=\"_blank\">Hay atractivos premios y quedan pocos d\u00edas para apuntarse<\/a><\/div>\n<div class=\"p\">Fuente: <a href=\"http:\/\/www.hoy.es\/v\/20100207\/sociedad\/arranca-edicion-concurso-escolar-20100207.html\" target=\"_blank\">Diario Hoy<\/a><\/div>\n<div class=\"p\"><a href=\"http:\/\/concursoescolar.hoy.es\/\" target=\"_blank\">P\u00e1gina del Concurso<\/a><\/div>\n","protected":false},"excerpt":{"rendered":"<p>El d\u00eda 3 de Feberero comenz\u00f3 el plazo de inscripci\u00f3n para el primer certamen que se realizar\u00e1 \u00edntegramente a trav\u00e9s de Internet y finaliza el d\u00eda 28 de Febrero. Mi amiga y a la vez compa\u00f1era Hortensia ha inscrito a los Superdiver que son los extraordinarios chicos que cursan 3\u00ba de Diversificaci\u00f3n en el IES [&hellip;]<\/p>\n","protected":false},"author":1,"featured_media":0,"comment_status":"open","ping_status":"open","sticky":false,"template":"","format":"standard","meta":{"footnotes":""},"categories":[1],"tags":[],"class_list":["post-2651","post","type-post","status-publish","format-standard","hentry","category-miscelanea"],"_links":{"self":[{"href":"http:\/\/aula21.net\/aulablog21\/wp-json\/wp\/v2\/posts\/2651","targetHints":{"allow":["GET"]}}],"collection":[{"href":"http:\/\/aula21.net\/aulablog21\/wp-json\/wp\/v2\/posts"}],"about":[{"href":"http:\/\/aula21.net\/aulablog21\/wp-json\/wp\/v2\/types\/post"}],"author":[{"embeddable":true,"href":"http:\/\/aula21.net\/aulablog21\/wp-json\/wp\/v2\/users\/1"}],"replies":[{"embeddable":true,"href":"http:\/\/aula21.net\/aulablog21\/wp-json\/wp\/v2\/comments?post=2651"}],"version-history":[{"count":0,"href":"http:\/\/aula21.net\/aulablog21\/wp-json\/wp\/v2\/posts\/2651\/revisions"}],"wp:attachment":[{"href":"http:\/\/aula21.net\/aulablog21\/wp-json\/wp\/v2\/media?parent=2651"}],"wp:term":[{"taxonomy":"category","embeddable":true,"href":"http:\/\/aula21.net\/aulablog21\/wp-json\/wp\/v2\/categories?post=2651"},{"taxonomy":"post_tag","embeddable":true,"href":"http:\/\/aula21.net\/aulablog21\/wp-json\/wp\/v2\/tags?post=2651"}],"curies":[{"name":"wp","href":"https:\/\/api.w.org\/{rel}","templated":true}]}}