{"id":2735,"date":"2010-03-13T22:23:37","date_gmt":"2010-03-13T21:23:37","guid":{"rendered":"http:\/\/aula21.net\/aulablog21\/?p=2735"},"modified":"2010-03-13T22:52:54","modified_gmt":"2010-03-13T21:52:54","slug":"literalia-tv-el-amor-a-los-libros-libro-hecho-television-en-la-red","status":"publish","type":"post","link":"http:\/\/aula21.net\/aulablog21\/archives\/2010\/03\/13\/literalia-tv-el-amor-a-los-libros-libro-hecho-television-en-la-red\/","title":{"rendered":"Literalia.TV el amor a los libros hecho televisi\u00f3n en la red"},"content":{"rendered":"<p><a href=\"http:\/\/www.literalia.tv\/\" target=\"_blank\">Literalia.TV<\/a> es un magn\u00edfico canal literario de contenidos audiovisuales en Internet. Naci\u00f3 en diciembre de 2009 pero yo lo he descubierto hoy.<\/p>\n<p>En <a href=\"http:\/\/www.literalia.tv\/\">Literalia.TV<\/a> nos ofrecen  entrevistas, reportajes, conversaciones entre figuras del mundo de las  letras, informaci\u00f3n general sobre la actualidad de \u00e9ste y presentaciones  de libros y de eventos relevantes. Un sitio con\u00a0 contenidos  audioviosuales\u00a0 actuales y de calidad en torno al mundo de la literatura que puede dar mucho juego en el aula.<\/p>\n<p><a href=\"http:\/\/literaliatelevision.blogspot.com\/\">Tambi\u00e9n dispone de un blog<\/a> y de<a href=\"http:\/\/www.youtube.com\/user\/literaliatv\" target=\"_blank\"> un canal en YouTube<\/a><\/p>\n<p><a href=\"http:\/\/www.literalia.tv\/\" target=\"_blank\"><img loading=\"lazy\" decoding=\"async\" class=\"aligncenter size-full wp-image-2744\" title=\"literaliatv\" src=\"http:\/\/aula21.net\/aulablog21\/wp-content\/uploads\/2010\/03\/literaliatv.png\" alt=\"literaliatv\" width=\"474\" height=\"133\" srcset=\"http:\/\/aula21.net\/aulablog21\/wp-content\/uploads\/2010\/03\/literaliatv.png 474w, http:\/\/aula21.net\/aulablog21\/wp-content\/uploads\/2010\/03\/literaliatv-300x84.png 300w\" sizes=\"auto, (max-width: 474px) 100vw, 474px\" \/><\/a><\/p>\n<p><strong>Historias m\u00e1ximas en relatos m\u00ednimos<\/strong> es el t\u00edtulo del programa que he seleccionado, en el mismo vemos como el\u00a0 profesor \u00c1ngel Gonz\u00e1lez consigue hacer atractiva la asignatura a sus alumnos de un Instituto de Guadalajara, los alumnos expresan en el v\u00eddeo su entusiasmo.<\/p>\n<p>No cabe duda que los alumnos quieren expresarse en clase de literatura y no memorizar y memorizar fechas asi como aprender t\u00edtulos de obras sin sentido.<br \/>\nImpartir clases de ese modo se puede hacer con y sin ordenador pero la web 2.0 hace que viejas pr\u00e1cticas deseables sean m\u00e1s atractivas y que cobren un nuevo sentido y alcance logrando asi captar la atenci\u00f3n de los alumnos y aumentando su motivaci\u00f3n .<\/p>\n<blockquote><p><span class=\"description\">Cuando despert\u00f3, el dinosaurio todav\u00eda estaba  all\u00ed. <\/span><\/p><\/blockquote>\n<p><span>Menos de una  l\u00ednea y, sin embargo, este brev\u00edsimo relato de Augusto Monterroso es  considerado por algunos como el mejor cuento corto de la historia. <\/span><\/p>\n<p><object classid=\"clsid:d27cdb6e-ae6d-11cf-96b8-444553540000\" width=\"480\" height=\"295\" codebase=\"http:\/\/download.macromedia.com\/pub\/shockwave\/cabs\/flash\/swflash.cab#version=6,0,40,0\"><param name=\"allowFullScreen\" value=\"true\" \/><param name=\"allowscriptaccess\" value=\"always\" \/><param name=\"src\" value=\"http:\/\/www.youtube.com\/v\/4fO7245iexM&amp;hl=es_ES&amp;fs=1&amp;color1=0xcc2550&amp;color2=0xe87a9f\" \/><param name=\"allowfullscreen\" value=\"true\" \/><embed type=\"application\/x-shockwave-flash\" width=\"480\" height=\"295\" src=\"http:\/\/www.youtube.com\/v\/4fO7245iexM&amp;hl=es_ES&amp;fs=1&amp;color1=0xcc2550&amp;color2=0xe87a9f\" allowscriptaccess=\"always\" allowfullscreen=\"true\"><\/embed><\/object><\/p>\n<p><a href=\"http:\/\/www.literalia.tv\/\">Literalia.TV<\/a>, cuenta con los siguientes programas:<\/p>\n<ul>\n<li> <a href=\"http:\/\/www.literalia.tv\/programacion\/leer-os-hara-libros.asp\">Leer  os har\u00e1 libros<\/a><\/li>\n<li><a href=\"http:\/\/www.literalia.tv\/programacion\/anaqueles-ocultos.asp\">Anaqueles  ocultos<\/a>,<\/li>\n<li><a href=\"http:\/\/www.literalia.tv\/programacion\/basta-de-letras.asp\">Basta de  Letras<\/a><\/li>\n<li> <a href=\"http:\/\/www.literalia.tv\/programacion\/en-jaque.asp\">En Jaque<\/a><\/li>\n<li><a href=\"http:\/\/www.literalia.tv\/programacion\/femenino-singular.asp\">Femenino Singular<\/a><\/li>\n<li><a href=\"http:\/\/www.literalia.tv\/programacion\/todo-es-poesia-menos-la-poesia.asp\">Todo es poes\u00eda menos la poes\u00eda<\/a> y algunos m\u00e1s que podemos ver en <a href=\"http:\/\/www.literalia.tv\/programacion.asp\" target=\"_blank\">su programaci\u00f3n<\/a><\/li>\n<\/ul>\n<p>Los programas pueden ser descargados para ser vistos en el m\u00f3vil, iPod y en el PC en formato Quick Time.<\/p>\n<p><a href=\"http:\/\/aula21.net\/aulablog21\/wp-content\/uploads\/2010\/03\/Imagen-11.png\"><img loading=\"lazy\" decoding=\"async\" class=\"aligncenter size-full wp-image-2746\" title=\"Imagen 1\" src=\"http:\/\/aula21.net\/aulablog21\/wp-content\/uploads\/2010\/03\/Imagen-11.png\" alt=\"Imagen 1\" width=\"205\" height=\"132\" \/><\/a><\/p>\n<p>\u00bfPor qu\u00e9 no llenar de estos contenidos los m\u00f3viles de nuestros alumnos en lugar de prohibir su uso ?<\/p>\n<p>Si te registras recibir\u00e1s semanalmente un bolet\u00edn con las actualizaciones de la  cadena, noticias, y adem\u00e1s podr\u00e1s dejar tus comentarios sobre los  programas o rese\u00f1as sobre los libros que te hayan sugerido algo para que  el resto de usuarios sean part\u00edcipes de ellas.<\/p>\n<p>Ya sabes, <a href=\"http:\/\/www.literalia.tv\/registrate.asp\" target=\"_blank\">registrat\u00e9 con tus alumnos<\/a> y olvidat\u00e9 de verlos bostezar con tus aburridas explicaciones.<\/p>\n","protected":false},"excerpt":{"rendered":"<p>Literalia.TV es un magn\u00edfico canal literario de contenidos audiovisuales en Internet. Naci\u00f3 en diciembre de 2009 pero yo lo he descubierto hoy. En Literalia.TV nos ofrecen entrevistas, reportajes, conversaciones entre figuras del mundo de las letras, informaci\u00f3n general sobre la actualidad de \u00e9ste y presentaciones de libros y de eventos relevantes. Un sitio con\u00a0 contenidos [&hellip;]<\/p>\n","protected":false},"author":1,"featured_media":0,"comment_status":"open","ping_status":"open","sticky":false,"template":"","format":"standard","meta":{"footnotes":""},"categories":[19,8],"tags":[],"class_list":["post-2735","post","type-post","status-publish","format-standard","hentry","category-educacion","category-educacion_e_internet"],"_links":{"self":[{"href":"http:\/\/aula21.net\/aulablog21\/wp-json\/wp\/v2\/posts\/2735","targetHints":{"allow":["GET"]}}],"collection":[{"href":"http:\/\/aula21.net\/aulablog21\/wp-json\/wp\/v2\/posts"}],"about":[{"href":"http:\/\/aula21.net\/aulablog21\/wp-json\/wp\/v2\/types\/post"}],"author":[{"embeddable":true,"href":"http:\/\/aula21.net\/aulablog21\/wp-json\/wp\/v2\/users\/1"}],"replies":[{"embeddable":true,"href":"http:\/\/aula21.net\/aulablog21\/wp-json\/wp\/v2\/comments?post=2735"}],"version-history":[{"count":0,"href":"http:\/\/aula21.net\/aulablog21\/wp-json\/wp\/v2\/posts\/2735\/revisions"}],"wp:attachment":[{"href":"http:\/\/aula21.net\/aulablog21\/wp-json\/wp\/v2\/media?parent=2735"}],"wp:term":[{"taxonomy":"category","embeddable":true,"href":"http:\/\/aula21.net\/aulablog21\/wp-json\/wp\/v2\/categories?post=2735"},{"taxonomy":"post_tag","embeddable":true,"href":"http:\/\/aula21.net\/aulablog21\/wp-json\/wp\/v2\/tags?post=2735"}],"curies":[{"name":"wp","href":"https:\/\/api.w.org\/{rel}","templated":true}]}}