{"id":2790,"date":"2010-03-19T20:55:14","date_gmt":"2010-03-19T19:55:14","guid":{"rendered":"http:\/\/aula21.net\/aulablog21\/?p=2790"},"modified":"2010-03-20T11:41:44","modified_gmt":"2010-03-20T10:41:44","slug":"un-feliz-dia-del-padre","status":"publish","type":"post","link":"http:\/\/aula21.net\/aulablog21\/archives\/2010\/03\/19\/un-feliz-dia-del-padre\/","title":{"rendered":"Un feliz d\u00eda del padre"},"content":{"rendered":"<p><!--adsense--><br \/>\nAs\u00ed, sin darme cuenta, son ya 15 a\u00f1os los que llevo disfrutando del protagonismo que te proporciona ser padre el d\u00eda del padre.<\/p>\n<p>En mi infancia y juventud recuerdo que sol\u00edamos regalar al m\u00edo alg\u00fan libro y una cajita de puros Farias que con deleite Don Arsenio se fumaba despu\u00e9s del caf\u00e9 de media ma\u00f1ana y del cafe vespertino, siempre sin tragarse el humo como buen fumador de puros que era.<\/p>\n<p>Desde hace varios a\u00f1os mi hija Mercedes me regala un precioso p\u00f3ster que prepara en secreto y es una delicia, contiene fotos, frases, letras de canciones, deseos y un poema.<br \/>\nEste a\u00f1o se ha superado y me ha dejado desarmado totalmente, ha elaborado manualmente un libro con pastas duras y cartulinas de unas 50 p\u00e1ginas y en la n\u00ba 22 dice: <em>continuar\u00e1&#8230;<\/em><\/p>\n<p>Ha escaneado fotos desde su nacimiento hasta la fecha en las que aparecemos juntos y en cada p\u00e1gina ha pegado una y ha escrito con letras bonitas un deseo, una frase, un poema&#8230;<br \/>\nReconozco que tuve que quitarme las lentillas despu\u00e9s de leerlo pues las sales y prote\u00ednas que las l\u00e1grimas contienen no creo que les hicieran ning\u00fan bien.<\/p>\n<p>Quiero compartir una de las p\u00e1ginas que m\u00e1s me han gustado, en ella aparece una foto en la que estoy mir\u00e1ndola mientras la sostengo en mis brazos recien nacida y en la hoja contigua escribe con letras muy grandes:<\/p>\n<p><strong>Desde el primer momento que te vi&#8230; Supe que me corresponder\u00edas bien \ud83d\ude42<\/strong><\/p>\n<p>Espero  que el pr\u00f3ximo a\u00f1o las p\u00e1ginas que le faltan por completar respiren el mismo amor<strong> <\/strong>que respiran estas.<strong><br \/>\n<\/strong><\/p>\n<p>Me siento feliz y he querido compartir ese estado con la gente que lee este blog, como siempre me dice una de las personas que m\u00e1s quiero: hay que saber disfrutar lo que la vida nos da a cada instante en lugar de sentirnos insatisfechos por buscar lo que no podemos alcanzar.<\/p>\n<p><a href=\"http:\/\/aula21.net\/aulablog21\/wp-content\/uploads\/2010\/03\/felizdiadelpadre.jpg\"><\/a><a href=\"http:\/\/aula21.net\/aulablog21\/wp-content\/uploads\/2010\/03\/felizdiadelpadre.jpg\"><img loading=\"lazy\" decoding=\"async\" class=\"size-full wp-image-2792 alignleft\" title=\"felizdiadelpadre\" src=\"http:\/\/aula21.net\/aulablog21\/wp-content\/uploads\/2010\/03\/felizdiadelpadre.jpg\" alt=\"felizdiadelpadre\" width=\"508\" height=\"378\" \/><\/a>u<\/p>\n","protected":false},"excerpt":{"rendered":"<p>As\u00ed, sin darme cuenta, son ya 15 a\u00f1os los que llevo disfrutando del protagonismo que te proporciona ser padre el d\u00eda del padre. En mi infancia y juventud recuerdo que sol\u00edamos regalar al m\u00edo alg\u00fan libro y una cajita de puros Farias que con deleite Don Arsenio se fumaba despu\u00e9s del caf\u00e9 de media ma\u00f1ana [&hellip;]<\/p>\n","protected":false},"author":1,"featured_media":0,"comment_status":"open","ping_status":"open","sticky":false,"template":"","format":"standard","meta":{"footnotes":""},"categories":[1,7],"tags":[],"class_list":["post-2790","post","type-post","status-publish","format-standard","hentry","category-miscelanea","category-personal"],"_links":{"self":[{"href":"http:\/\/aula21.net\/aulablog21\/wp-json\/wp\/v2\/posts\/2790","targetHints":{"allow":["GET"]}}],"collection":[{"href":"http:\/\/aula21.net\/aulablog21\/wp-json\/wp\/v2\/posts"}],"about":[{"href":"http:\/\/aula21.net\/aulablog21\/wp-json\/wp\/v2\/types\/post"}],"author":[{"embeddable":true,"href":"http:\/\/aula21.net\/aulablog21\/wp-json\/wp\/v2\/users\/1"}],"replies":[{"embeddable":true,"href":"http:\/\/aula21.net\/aulablog21\/wp-json\/wp\/v2\/comments?post=2790"}],"version-history":[{"count":0,"href":"http:\/\/aula21.net\/aulablog21\/wp-json\/wp\/v2\/posts\/2790\/revisions"}],"wp:attachment":[{"href":"http:\/\/aula21.net\/aulablog21\/wp-json\/wp\/v2\/media?parent=2790"}],"wp:term":[{"taxonomy":"category","embeddable":true,"href":"http:\/\/aula21.net\/aulablog21\/wp-json\/wp\/v2\/categories?post=2790"},{"taxonomy":"post_tag","embeddable":true,"href":"http:\/\/aula21.net\/aulablog21\/wp-json\/wp\/v2\/tags?post=2790"}],"curies":[{"name":"wp","href":"https:\/\/api.w.org\/{rel}","templated":true}]}}