{"id":2814,"date":"2010-03-21T11:45:44","date_gmt":"2010-03-21T10:45:44","guid":{"rendered":"http:\/\/aula21.net\/aulablog21\/?p=2814"},"modified":"2010-03-21T11:49:12","modified_gmt":"2010-03-21T10:49:12","slug":"iii-certamen-audiovisual-de-centros-de-extremadura","status":"publish","type":"post","link":"http:\/\/aula21.net\/aulablog21\/archives\/2010\/03\/21\/iii-certamen-audiovisual-de-centros-de-extremadura\/","title":{"rendered":"III Certamen Audiovisual de centros educativos de Extremadura"},"content":{"rendered":"<p><a href=\"http:\/\/certamenaudiovisual.educarex.es\/\" target=\"_blank\"><img loading=\"lazy\" decoding=\"async\" class=\"size-medium wp-image-2816 alignleft\" style=\"margin: 6px;\" title=\"dipticoconcursovideos\" src=\"http:\/\/aula21.net\/aulablog21\/wp-content\/uploads\/2010\/03\/dipticoconcursovideos1-220x300.png\" alt=\"dipticoconcursovideos\" width=\"220\" height=\"300\" srcset=\"http:\/\/aula21.net\/aulablog21\/wp-content\/uploads\/2010\/03\/dipticoconcursovideos1-220x300.png 220w, http:\/\/aula21.net\/aulablog21\/wp-content\/uploads\/2010\/03\/dipticoconcursovideos1.png 377w\" sizes=\"auto, (max-width: 220px) 100vw, 220px\" \/><\/a>A trav\u00e9s de <a href=\"http:\/\/enmarchaconlastic.educarex.es\/\">En marcha con las TIC<\/a> me entero que la Consejer\u00eda de Educaci\u00f3n de la Junta de Extremadura convoca <a href=\"http:\/\/certamenaudiovisual.educarex.es\/\">el tercer Certamen Audiovisual <\/a>cuyo objetivo es difundir los trabajos audiovisuales que se realizan en los centros educativos extreme\u00f1os con el fin de que sean utilizados en el aula como material did\u00e1ctico.<\/p>\n<p>Los trabajos seleccionados participar\u00e1n en el Encuentro que se llevar\u00e1 a cabo durante los d\u00edas 7, 8 y 9 de mayo de 2010 en la Casa de Cultura de Don Benito. Durante el mismo se realizar\u00e1n diversos talleres relacionados con el \u00e1mbito cinematogr\u00e1fico (edici\u00f3n, maquillaje, iluminaci\u00f3n, etc)<\/p>\n<p>Los participantes DEBER\u00c1N <a href=\"http:\/\/certamenaudiovisual.educarex.es\/index.php?option=com_facileforms&amp;Itemid=69\">realizar obligatoriamente la inscripci\u00f3n<\/a> en el portal del certamen hasta el 31 de marzo de 2010 inclusive. Hay tres secciones: documentales, anuncios y ficci\u00f3n-animaci\u00f3n, a su vez se contempla la participaci\u00f3n de diferentes niveles educativos.<\/p>\n<p>Para que te hagas una idea en esta p\u00e1gina tenemos <a href=\"http:\/\/certamenaudiovisual.educarex.es\/index.php?option=com_seyret&amp;Itemid=78&amp;task=allvideoslist\" target=\"_blank\">acceso a todos los v\u00eddeos de ediciones anteriores.<\/a><\/p>\n<p>La Junta apuesta fuerte por los medios audiovisuales y buena muestra de ello es el reciente nacimiento de<a href=\"http:\/\/mercurio.educarex.es\/web\" target=\"_blank\"> Mercurio, el YouTube Educativo Extreme\u00f1o.<\/a><\/p>\n<p><a href=\"http:\/\/certamenaudiovisual.educarex.es\/index.php?option=com_content&amp;view=category&amp;layout=blog&amp;id=38&amp;Itemid=60\" target=\"_blank\">Bases del concurso.<\/a><\/p>\n","protected":false},"excerpt":{"rendered":"<p>A trav\u00e9s de En marcha con las TIC me entero que la Consejer\u00eda de Educaci\u00f3n de la Junta de Extremadura convoca el tercer Certamen Audiovisual cuyo objetivo es difundir los trabajos audiovisuales que se realizan en los centros educativos extreme\u00f1os con el fin de que sean utilizados en el aula como material did\u00e1ctico. Los trabajos [&hellip;]<\/p>\n","protected":false},"author":1,"featured_media":0,"comment_status":"open","ping_status":"open","sticky":false,"template":"","format":"standard","meta":{"footnotes":""},"categories":[25,18,20],"tags":[],"class_list":["post-2814","post","type-post","status-publish","format-standard","hentry","category-eventos","category-tic","category-video"],"_links":{"self":[{"href":"http:\/\/aula21.net\/aulablog21\/wp-json\/wp\/v2\/posts\/2814","targetHints":{"allow":["GET"]}}],"collection":[{"href":"http:\/\/aula21.net\/aulablog21\/wp-json\/wp\/v2\/posts"}],"about":[{"href":"http:\/\/aula21.net\/aulablog21\/wp-json\/wp\/v2\/types\/post"}],"author":[{"embeddable":true,"href":"http:\/\/aula21.net\/aulablog21\/wp-json\/wp\/v2\/users\/1"}],"replies":[{"embeddable":true,"href":"http:\/\/aula21.net\/aulablog21\/wp-json\/wp\/v2\/comments?post=2814"}],"version-history":[{"count":0,"href":"http:\/\/aula21.net\/aulablog21\/wp-json\/wp\/v2\/posts\/2814\/revisions"}],"wp:attachment":[{"href":"http:\/\/aula21.net\/aulablog21\/wp-json\/wp\/v2\/media?parent=2814"}],"wp:term":[{"taxonomy":"category","embeddable":true,"href":"http:\/\/aula21.net\/aulablog21\/wp-json\/wp\/v2\/categories?post=2814"},{"taxonomy":"post_tag","embeddable":true,"href":"http:\/\/aula21.net\/aulablog21\/wp-json\/wp\/v2\/tags?post=2814"}],"curies":[{"name":"wp","href":"https:\/\/api.w.org\/{rel}","templated":true}]}}