{"id":294,"date":"2005-04-18T21:54:39","date_gmt":"2005-04-18T20:54:39","guid":{"rendered":"http:\/\/127.0.0.1\/wordpress2\/index.php\/archives\/2005\/04\/18\/trabajando-con-bitacoras-en-la-escuela\/"},"modified":"2005-04-19T12:37:34","modified_gmt":"2005-04-19T11:37:34","slug":"trabajando-con-bitacoras-en-la-escuela","status":"publish","type":"post","link":"http:\/\/aula21.net\/aulablog21\/archives\/2005\/04\/18\/trabajando-con-bitacoras-en-la-escuela\/","title":{"rendered":"Trabajando con bit\u00e1coras en la escuela"},"content":{"rendered":"<p>No hace mucho publiqu\u00e9 el art\u00edculo <a title=\"Permanent Link: Fabi\u00e1n un profe blogger\" href=\"\/aulablog21\/index.php\/archives\/2005\/03\/16\/fabian-un-profe-blogger\/\" rel=\"bookmark\">Fabi\u00e1n un profe blogger<\/a>\u00a0en el que os hablaba de Fabi\u00e1n profesor de Lengua del \u00a0<a href=\"http:\/\/www.mallorcaweb.net\/iesdarder\/\" target=\"_blank\">IES Emili Darder<\/a> de Palma de Mallorca. Hoy leo <a href=\"http:\/\/blogia.com\/fabian\/i\">en uno de sus blogs<\/a> ( los otros son\u00a0 <a class=\"blines3\" title=\"Link outside of this blog\" href=\"http:\/\/bloc.balearweb.net\/58\" target=\"_blank\">instituto<\/a> y <a class=\"blines3\" title=\"Link outside of this blog\" href=\"http:\/\/bloc.balearweb.net\/187\" target=\"_blank\">Alta mar<\/a>) un interesante art\u00edculo titulado <a href=\"http:\/\/blogia.com\/fabian\/index.php?idarticulo=200504181\">Trabajando con bit\u00e1coras en la escuela<\/a>\u00a0, en el que nos relata las dificultades con las que se encuentra a la hora de que sus alumnos trabajen con los blogs <a href=\"http:\/\/depdarder.webcindario.com\/blog\/index.php\">Segundo D de Eso<\/a>\u00a0 y <a href=\"http:\/\/procesoscomunicacion.blogsome.com\/\">Procesos de Comunicaci\u00f3n<\/a>\u00a0.<\/p>\n<p>De su experencia y consejos podemos aprender mucho a la hora de decidirnos a utlizar esta herramienta con los alumnos. Se echan de menos m\u00e1s art\u00edculos como este, hablamos muchos de las posibles bondades de usar los blogs en el aula pero son pocos los que de verdad lo usan y cuentan sus experiencias.<\/p>\n<p \/>\n","protected":false},"excerpt":{"rendered":"<p>No hace mucho publiqu\u00e9 el art\u00edculo Fabi\u00e1n un profe blogger\u00a0en el que os hablaba de Fabi\u00e1n profesor de Lengua del \u00a0IES Emili Darder de Palma de Mallorca. Hoy leo en uno de sus blogs ( los otros son\u00a0 instituto y Alta mar) un interesante art\u00edculo titulado Trabajando con bit\u00e1coras en la escuela\u00a0, en el que [&hellip;]<\/p>\n","protected":false},"author":1,"featured_media":0,"comment_status":"open","ping_status":"open","sticky":false,"template":"","format":"standard","meta":{"footnotes":""},"categories":[2],"tags":[],"class_list":["post-294","post","type-post","status-publish","format-standard","hentry","category-weblogs_en_el_aula"],"_links":{"self":[{"href":"http:\/\/aula21.net\/aulablog21\/wp-json\/wp\/v2\/posts\/294","targetHints":{"allow":["GET"]}}],"collection":[{"href":"http:\/\/aula21.net\/aulablog21\/wp-json\/wp\/v2\/posts"}],"about":[{"href":"http:\/\/aula21.net\/aulablog21\/wp-json\/wp\/v2\/types\/post"}],"author":[{"embeddable":true,"href":"http:\/\/aula21.net\/aulablog21\/wp-json\/wp\/v2\/users\/1"}],"replies":[{"embeddable":true,"href":"http:\/\/aula21.net\/aulablog21\/wp-json\/wp\/v2\/comments?post=294"}],"version-history":[{"count":0,"href":"http:\/\/aula21.net\/aulablog21\/wp-json\/wp\/v2\/posts\/294\/revisions"}],"wp:attachment":[{"href":"http:\/\/aula21.net\/aulablog21\/wp-json\/wp\/v2\/media?parent=294"}],"wp:term":[{"taxonomy":"category","embeddable":true,"href":"http:\/\/aula21.net\/aulablog21\/wp-json\/wp\/v2\/categories?post=294"},{"taxonomy":"post_tag","embeddable":true,"href":"http:\/\/aula21.net\/aulablog21\/wp-json\/wp\/v2\/tags?post=294"}],"curies":[{"name":"wp","href":"https:\/\/api.w.org\/{rel}","templated":true}]}}