{"id":2977,"date":"2010-05-08T21:46:12","date_gmt":"2010-05-08T20:46:12","guid":{"rendered":"http:\/\/aula21.net\/aulablog21\/?p=2977"},"modified":"2010-05-08T21:46:12","modified_gmt":"2010-05-08T20:46:12","slug":"otra-oportunidad-para-obtener-el-titulo-de-graduado-en-eso-en-extremadura","status":"publish","type":"post","link":"http:\/\/aula21.net\/aulablog21\/archives\/2010\/05\/08\/otra-oportunidad-para-obtener-el-titulo-de-graduado-en-eso-en-extremadura\/","title":{"rendered":"Otra oportunidad para obtener el t\u00edtulo de Graduado en ESO en Extremadura"},"content":{"rendered":"<p><img loading=\"lazy\" decoding=\"async\" class=\"alignleft\" style=\"margin: 8px;\" src=\"http:\/\/www.adicae.net\/adicaealerta\/articulos\/fotos\/aprobar.jpg\" alt=\"\" width=\"252\" height=\"314\" \/>Requisitos.<br \/>\nPodr\u00e1 presentarse a estas pruebas el alumnado que re\u00fana los siguientes requisitos:<br \/>\na) Tener al menos dieciocho a\u00f1os de edad, dentro del a\u00f1o natural de realizaci\u00f3n de las pruebas. Asimismo podr\u00e1n presentarse las personas mayores de diecis\u00e9is que tengan contrato laboral, que no les permita acudir a los centros educativos, en r\u00e9gimen ordinario, o que sean deportistas de alto rendimiento.<br \/>\nb) Haber concluido la etapa en los dos cursos previos a la prueba (2007-2008 y 2008-2009) sin haber obtenido el t\u00edtulo de Graduado en ESO.<br \/>\nc) Tener pendientes de calificaci\u00f3n positiva hasta un m\u00e1ximo de cinco materias.<\/p>\n<p>El plazo finaliza el 31 de mayo.<\/p>\n<p><span class=\"DOE4\"><a class=\"enlace_dis\" title=\"Consultar esta disposici\u00f3n en formato PDF\" href=\"http:\/\/doe.juntaex.es\/pdfs\/doe\/2010\/860O\/10061098.pdf\">Resoluci\u00f3n de 30 de  abril de 2010, de la Direcci\u00f3n General de Calidad y Equidad Educativa,  por la que se convocan las pruebas para la obtenci\u00f3n del t\u00edtulo de  Graduado en Educaci\u00f3n Secundaria Obligatoria, por el alumnado que no lo  haya obtenido al finalizar la etapa durante los cursos 2007-2008 y  2008-2009.<\/a><\/span><\/p>\n<p><span class=\"DOE4\"><br \/>\n<\/span><\/p>\n","protected":false},"excerpt":{"rendered":"<p>Requisitos. Podr\u00e1 presentarse a estas pruebas el alumnado que re\u00fana los siguientes requisitos: a) Tener al menos dieciocho a\u00f1os de edad, dentro del a\u00f1o natural de realizaci\u00f3n de las pruebas. Asimismo podr\u00e1n presentarse las personas mayores de diecis\u00e9is que tengan contrato laboral, que no les permita acudir a los centros educativos, en r\u00e9gimen ordinario, o [&hellip;]<\/p>\n","protected":false},"author":1,"featured_media":0,"comment_status":"open","ping_status":"open","sticky":false,"template":"","format":"standard","meta":{"footnotes":""},"categories":[19,26],"tags":[],"class_list":["post-2977","post","type-post","status-publish","format-standard","hentry","category-educacion","category-orientacion"],"_links":{"self":[{"href":"http:\/\/aula21.net\/aulablog21\/wp-json\/wp\/v2\/posts\/2977","targetHints":{"allow":["GET"]}}],"collection":[{"href":"http:\/\/aula21.net\/aulablog21\/wp-json\/wp\/v2\/posts"}],"about":[{"href":"http:\/\/aula21.net\/aulablog21\/wp-json\/wp\/v2\/types\/post"}],"author":[{"embeddable":true,"href":"http:\/\/aula21.net\/aulablog21\/wp-json\/wp\/v2\/users\/1"}],"replies":[{"embeddable":true,"href":"http:\/\/aula21.net\/aulablog21\/wp-json\/wp\/v2\/comments?post=2977"}],"version-history":[{"count":0,"href":"http:\/\/aula21.net\/aulablog21\/wp-json\/wp\/v2\/posts\/2977\/revisions"}],"wp:attachment":[{"href":"http:\/\/aula21.net\/aulablog21\/wp-json\/wp\/v2\/media?parent=2977"}],"wp:term":[{"taxonomy":"category","embeddable":true,"href":"http:\/\/aula21.net\/aulablog21\/wp-json\/wp\/v2\/categories?post=2977"},{"taxonomy":"post_tag","embeddable":true,"href":"http:\/\/aula21.net\/aulablog21\/wp-json\/wp\/v2\/tags?post=2977"}],"curies":[{"name":"wp","href":"https:\/\/api.w.org\/{rel}","templated":true}]}}